{"id":268,"date":"2014-04-21T01:46:20","date_gmt":"2014-04-21T00:46:20","guid":{"rendered":"http:\/\/www.irla.cat\/casairla\/?p=268"},"modified":"2017-03-15T01:48:51","modified_gmt":"2017-03-15T00:48:51","slug":"un-tastet-de-pep-poblet-nito-figueras","status":"publish","type":"post","link":"https:\/\/irla.cat\/casairla\/2014\/04\/21\/un-tastet-de-pep-poblet-nito-figueras\/","title":{"rendered":"Un tastet de Pep Poblet &#038; Nito Figueras"},"content":{"rendered":"<p>El dia 12 d&#8217;abril vam tenir el plaer a la Casa Irla de gaudir de dos grans mestres, en Pep Poblet i en Nito Figueras.<\/p>\n<p><!--more--><\/p>\n<p>Ens van presentar el seu treball &#8220;VO, versi\u00f3 original&#8221;, en el qual repassen i versionen temes cl\u00e0ssics i conegud\u00edssims per\u00f2 amb els seus propis arranjaments que fa que escoltar-los sigui un divertiment per intentar recon\u00e8ixer-los.<\/p>\n<p>Aqu\u00ed us deixem un parell de temes que van interpretar en aquest concert:<br \/>\n<iframe loading=\"lazy\" src=\"https:\/\/www.youtube.com\/embed\/KMVdJhnYgfs\" width=\"560\" height=\"315\" frameborder=\"0\" allowfullscreen=\"allowfullscreen\"><\/iframe><\/p>\n<p><iframe loading=\"lazy\" src=\"https:\/\/www.youtube.com\/embed\/w3hDcebjTws\" width=\"560\" height=\"315\" frameborder=\"0\" allowfullscreen=\"allowfullscreen\"><\/iframe><\/p>\n","protected":false},"excerpt":{"rendered":"<p>El dia 12 d&#8217;abril vam tenir el plaer a la Casa Irla de gaudir de dos grans mestres, en Pep<\/p>\n","protected":false},"author":1,"featured_media":269,"comment_status":"open","ping_status":"open","sticky":false,"template":"template-centered.php","format":"standard","meta":{"footnotes":""},"categories":[1],"tags":[],"class_list":["post-268","post","type-post","status-publish","format-standard","has-post-thumbnail","hentry","category-general"],"_links":{"self":[{"href":"https:\/\/irla.cat\/casairla\/wp-json\/wp\/v2\/posts\/268","targetHints":{"allow":["GET"]}}],"collection":[{"href":"https:\/\/irla.cat\/casairla\/wp-json\/wp\/v2\/posts"}],"about":[{"href":"https:\/\/irla.cat\/casairla\/wp-json\/wp\/v2\/types\/post"}],"author":[{"embeddable":true,"href":"https:\/\/irla.cat\/casairla\/wp-json\/wp\/v2\/users\/1"}],"replies":[{"embeddable":true,"href":"https:\/\/irla.cat\/casairla\/wp-json\/wp\/v2\/comments?post=268"}],"version-history":[{"count":1,"href":"https:\/\/irla.cat\/casairla\/wp-json\/wp\/v2\/posts\/268\/revisions"}],"predecessor-version":[{"id":270,"href":"https:\/\/irla.cat\/casairla\/wp-json\/wp\/v2\/posts\/268\/revisions\/270"}],"wp:featuredmedia":[{"embeddable":true,"href":"https:\/\/irla.cat\/casairla\/wp-json\/wp\/v2\/media\/269"}],"wp:attachment":[{"href":"https:\/\/irla.cat\/casairla\/wp-json\/wp\/v2\/media?parent=268"}],"wp:term":[{"taxonomy":"category","embeddable":true,"href":"https:\/\/irla.cat\/casairla\/wp-json\/wp\/v2\/categories?post=268"},{"taxonomy":"post_tag","embeddable":true,"href":"https:\/\/irla.cat\/casairla\/wp-json\/wp\/v2\/tags?post=268"}],"curies":[{"name":"wp","href":"https:\/\/api.w.org\/{rel}","templated":true}]}}