{"id":2675,"date":"2025-06-30T10:18:37","date_gmt":"2025-06-30T08:18:37","guid":{"rendered":"https:\/\/irla.cat\/casairla\/?p=2675"},"modified":"2025-06-30T10:18:37","modified_gmt":"2025-06-30T08:18:37","slug":"dissabte-5-de-juliol-presentem-el-llibre-els-dos-ultims-faberge-de-cristina-canamases","status":"publish","type":"post","link":"https:\/\/irla.cat\/casairla\/2025\/06\/30\/dissabte-5-de-juliol-presentem-el-llibre-els-dos-ultims-faberge-de-cristina-canamases\/","title":{"rendered":"Dissabte 5 de juliol presentem\u00a0el\u00a0llibre &#8220;Els dos \u00faltims Faberg\u00e9&#8221; de Cristina Canamases"},"content":{"rendered":"\n<p>Dissabte 5 de juliol a les 19 h presentem &#8220;Els dos \u00faltims Faberg\u00e9&#8221; de Cristina Canamases, XXXVI Premi de Narrativa Vila d&#8217;Asc\u00f3.<\/p>\n\n\n\n<p>Els dos \u00faltims Faberg\u00e9 connecta dues \u00e8poques i dos mons aparentment llunyans.<\/p>\n\n\n\n<p>L\u2019Olga, una jove que creix a la R\u00fassia de principis del segle XX, treballa amb el seu pare al taller de la famosa joieria Faberg\u00e9. Enmig de la turbulenta situaci\u00f3 pol\u00edtica i social del moment, un enc\u00e0rrec especial la porta a dissenyar una pe\u00e7a \u00fanica que amaga molt m\u00e9s que or i pedres precioses.<\/p>\n\n\n\n<p>M\u00e9s d\u2019un segle despr\u00e9s, a la tranquil\u00b7la ciutat de Girona, uns amics descobreixen un misteri\u00f3s objecte que els abocar\u00e0 a una trama d\u2019intrigues i enigmes ocults durant generacions.<\/p>\n\n\n\n<p>Una novel\u00b7la que combina la bellesa de l\u2019art amb la for\u00e7a de&nbsp;la hist\u00f2ria, en qu\u00e8 els camins del passat i el present convergeixen en una recerca plena de misteris i revelacions.<\/p>\n\n\n<div class=\"wp-block-image\">\n<figure class=\"aligncenter size-large\"><a href=\"https:\/\/lafinestralectora.cat\/els-dos-ultims-faberge\/\" target=\"_blank\" rel=\" noreferrer noopener\"><img loading=\"lazy\" decoding=\"async\" width=\"681\" height=\"1024\" src=\"https:\/\/irla.cat\/casairla\/wp-content\/uploads\/2025\/06\/Els-dos-ultims-Faberge-681x1024.jpg\" alt=\"\" class=\"wp-image-2677\" srcset=\"https:\/\/irla.cat\/casairla\/wp-content\/uploads\/2025\/06\/Els-dos-ultims-Faberge-681x1024.jpg 681w, https:\/\/irla.cat\/casairla\/wp-content\/uploads\/2025\/06\/Els-dos-ultims-Faberge-200x300.jpg 200w, https:\/\/irla.cat\/casairla\/wp-content\/uploads\/2025\/06\/Els-dos-ultims-Faberge-768x1154.jpg 768w, https:\/\/irla.cat\/casairla\/wp-content\/uploads\/2025\/06\/Els-dos-ultims-Faberge-1022x1536.jpg 1022w, https:\/\/irla.cat\/casairla\/wp-content\/uploads\/2025\/06\/Els-dos-ultims-Faberge-1363x2048.jpg 1363w, https:\/\/irla.cat\/casairla\/wp-content\/uploads\/2025\/06\/Els-dos-ultims-Faberge-scaled.jpg 1703w\" sizes=\"auto, (max-width: 681px) 100vw, 681px\" \/><\/a><\/figure>\n<\/div>\n\n\n<p><\/p>\n","protected":false},"excerpt":{"rendered":"<p>Dissabte 5 de juliol a les 19 h presentem &#8220;Els dos \u00faltims Faberg\u00e9&#8221; de Cristina Canamases, XXXVI Premi de Narrativa Vila d&#8217;Asc\u00f3.<\/p>\n","protected":false},"author":1,"featured_media":2676,"comment_status":"closed","ping_status":"closed","sticky":false,"template":"","format":"standard","meta":{"footnotes":""},"categories":[1],"tags":[],"class_list":["post-2675","post","type-post","status-publish","format-standard","has-post-thumbnail","hentry","category-general"],"_links":{"self":[{"href":"https:\/\/irla.cat\/casairla\/wp-json\/wp\/v2\/posts\/2675","targetHints":{"allow":["GET"]}}],"collection":[{"href":"https:\/\/irla.cat\/casairla\/wp-json\/wp\/v2\/posts"}],"about":[{"href":"https:\/\/irla.cat\/casairla\/wp-json\/wp\/v2\/types\/post"}],"author":[{"embeddable":true,"href":"https:\/\/irla.cat\/casairla\/wp-json\/wp\/v2\/users\/1"}],"replies":[{"embeddable":true,"href":"https:\/\/irla.cat\/casairla\/wp-json\/wp\/v2\/comments?post=2675"}],"version-history":[{"count":1,"href":"https:\/\/irla.cat\/casairla\/wp-json\/wp\/v2\/posts\/2675\/revisions"}],"predecessor-version":[{"id":2678,"href":"https:\/\/irla.cat\/casairla\/wp-json\/wp\/v2\/posts\/2675\/revisions\/2678"}],"wp:featuredmedia":[{"embeddable":true,"href":"https:\/\/irla.cat\/casairla\/wp-json\/wp\/v2\/media\/2676"}],"wp:attachment":[{"href":"https:\/\/irla.cat\/casairla\/wp-json\/wp\/v2\/media?parent=2675"}],"wp:term":[{"taxonomy":"category","embeddable":true,"href":"https:\/\/irla.cat\/casairla\/wp-json\/wp\/v2\/categories?post=2675"},{"taxonomy":"post_tag","embeddable":true,"href":"https:\/\/irla.cat\/casairla\/wp-json\/wp\/v2\/tags?post=2675"}],"curies":[{"name":"wp","href":"https:\/\/api.w.org\/{rel}","templated":true}]}}