{"id":2669,"date":"2025-06-24T16:01:54","date_gmt":"2025-06-24T14:01:54","guid":{"rendered":"https:\/\/irla.cat\/casairla\/?p=2669"},"modified":"2025-06-25T16:09:55","modified_gmt":"2025-06-25T14:09:55","slug":"presentacio-del-llibre-no-perdem-la-illusio-de-lillusionista-xevi","status":"publish","type":"post","link":"https:\/\/irla.cat\/casairla\/2025\/06\/24\/presentacio-del-llibre-no-perdem-la-illusio-de-lillusionista-xevi\/","title":{"rendered":"Presentaci\u00f3 del llibre &#8220;No perdem la il\u00b7lusi\u00f3&#8221; de l&#8217;il\u00b7lusionista Xevi"},"content":{"rendered":"\n<p>Dissabte dia 28 de juny a les 19 h presentem el llibre &#8220;No perdem la il\u00b7lusi\u00f3&#8221; del il\u00b7lusionista Xevi.<\/p>\n\n\n\n<p>Xavier Sala Costa (Santa Cristina d\u2019Aro 1943), m\u00e9s conegut com a Il\u00b7lusionista Xevi, \u00e9s un dels il\u00b7lusionistes professionals m\u00e9s coneguts de casa nostra.<\/p>\n\n\n\n<p>Amb una traject\u00f2ria art\u00edstica molt rellevant i remarcable, portant des de fa molts anys la m\u00e0gia a totes les cases en innombrables programes televisius.<\/p>\n\n\n\n<p>Ha treballat en nombrosos pa\u00efsos i escenaris i ha conegut personalment bona part dels millors mags del m\u00f3n. <\/p>\n\n\n\n<p>Tamb\u00e9 ha participat, com a actor, en diverses pel\u00b7l\u00edcules de cinema i han gaudit directament dels seus espectacles personatge famosos de totes les \u00e8poques.<\/p>\n\n\n\n<p>La seva voluntat divulgadora el va portar a fundar \u201cEl gran museu de la m\u00e0gia\u201d al seu poble natal.<\/p>\n\n\n\n<p>Considerat per al FISM (F\u00e9d\u00e9ration internationale des soci\u00e9t\u00e9s m\u00e0giques) com el m\u00e9s gran i original del m\u00f3n. En Xevi ha estat distingit amb l\u2019estrella d\u2019or de The Magic Circle (2003) i amb la medalla d\u2019or de la Sociedad Espa\u00f1ola de Ilusionismo (2005).<\/p>\n\n\n\n<p>\u00c9s llarga la bibliografia en la qual n\u2019\u00e9s el protagonista, com tamb\u00e9 s\u00f3n diversos els llibres i articles divulgatius que ell ha publicat, ara, amb aquesta obra ofereix alguns jocs d\u2019il\u00b7lusionisme del seu repertori a tothom, petits i grans.<\/p>\n\n\n\n<p>Adre\u00e7at especialment als que volen iniciar-se en aquesta branca art\u00edstica i sorprendre al seu p\u00fablic.<\/p>\n\n\n\n<p>L&#8217;acompanyaran Alfons Hereu i Josep And\u00fajar &#8220;S\u00e9&#8221;<\/p>\n\n\n<div class=\"wp-block-image\">\n<figure class=\"aligncenter size-full\"><a href=\"https:\/\/www.casadellibro.com\/libro-no-perdem-la-illusio\/9788410087224\/15984853?srsltid=AfmBOopCPHjPpmYBPoR0z9uUJpFw8IP4_lmfdg0pHAY-W_jfRkXN6AZy\" target=\"_blank\" rel=\" noreferrer noopener\"><img loading=\"lazy\" decoding=\"async\" width=\"718\" height=\"755\" src=\"https:\/\/irla.cat\/casairla\/wp-content\/uploads\/2025\/06\/Portada-No-perdem-la-illusio.jpg\" alt=\"\" class=\"wp-image-2673\" srcset=\"https:\/\/irla.cat\/casairla\/wp-content\/uploads\/2025\/06\/Portada-No-perdem-la-illusio.jpg 718w, https:\/\/irla.cat\/casairla\/wp-content\/uploads\/2025\/06\/Portada-No-perdem-la-illusio-285x300.jpg 285w\" sizes=\"auto, (max-width: 718px) 100vw, 718px\" \/><\/a><\/figure>\n<\/div>","protected":false},"excerpt":{"rendered":"<p>Dissabte dia 28 de juny a les 19 h a la Casa Irla presentem el llibre &#8220;No perdem la il\u00b7lusi\u00f3&#8221; del il\u00b7lusionista Xevi.<\/p>\n","protected":false},"author":1,"featured_media":2670,"comment_status":"closed","ping_status":"closed","sticky":false,"template":"","format":"standard","meta":{"footnotes":""},"categories":[1],"tags":[],"class_list":["post-2669","post","type-post","status-publish","format-standard","has-post-thumbnail","hentry","category-general"],"_links":{"self":[{"href":"https:\/\/irla.cat\/casairla\/wp-json\/wp\/v2\/posts\/2669","targetHints":{"allow":["GET"]}}],"collection":[{"href":"https:\/\/irla.cat\/casairla\/wp-json\/wp\/v2\/posts"}],"about":[{"href":"https:\/\/irla.cat\/casairla\/wp-json\/wp\/v2\/types\/post"}],"author":[{"embeddable":true,"href":"https:\/\/irla.cat\/casairla\/wp-json\/wp\/v2\/users\/1"}],"replies":[{"embeddable":true,"href":"https:\/\/irla.cat\/casairla\/wp-json\/wp\/v2\/comments?post=2669"}],"version-history":[{"count":3,"href":"https:\/\/irla.cat\/casairla\/wp-json\/wp\/v2\/posts\/2669\/revisions"}],"predecessor-version":[{"id":2674,"href":"https:\/\/irla.cat\/casairla\/wp-json\/wp\/v2\/posts\/2669\/revisions\/2674"}],"wp:featuredmedia":[{"embeddable":true,"href":"https:\/\/irla.cat\/casairla\/wp-json\/wp\/v2\/media\/2670"}],"wp:attachment":[{"href":"https:\/\/irla.cat\/casairla\/wp-json\/wp\/v2\/media?parent=2669"}],"wp:term":[{"taxonomy":"category","embeddable":true,"href":"https:\/\/irla.cat\/casairla\/wp-json\/wp\/v2\/categories?post=2669"},{"taxonomy":"post_tag","embeddable":true,"href":"https:\/\/irla.cat\/casairla\/wp-json\/wp\/v2\/tags?post=2669"}],"curies":[{"name":"wp","href":"https:\/\/api.w.org\/{rel}","templated":true}]}}