{"id":2661,"date":"2025-06-12T08:34:06","date_gmt":"2025-06-12T06:34:06","guid":{"rendered":"https:\/\/irla.cat\/casairla\/?p=2661"},"modified":"2025-06-12T08:34:06","modified_gmt":"2025-06-12T06:34:06","slug":"dissabte-14-de-juny-cinema-dautor-a-la-casa-irla","status":"publish","type":"post","link":"https:\/\/irla.cat\/casairla\/2025\/06\/12\/dissabte-14-de-juny-cinema-dautor-a-la-casa-irla\/","title":{"rendered":"Dissabte 14 de juny Cinema d\u2019autor a la Casa Irla"},"content":{"rendered":"\n<p>Divendres 14 de juny a les 19 h tarda de Cinema a la Casa Irla amb la pel\u00b7l\u00edcula &#8220;L&#8217;Hereu&#8221; de Ramon Paytuv\u00ed.<\/p>\n\n\n\n<p>Les fam\u00edlies del \u201cMas XIXO\u201d i de Can Costa, viuen enfrontades des de generacions.<\/p>\n\n\n\n<p>En Marc, primog\u00e8nit (hereu) del Mas XIX\u00d3\u201d es pensa que heretar\u00e0 tota la propietat quan el pare falti, per\u00f2 un canvi imprevist capgirar\u00e0 el testament.<\/p>\n\n\n\n<p>Entrada lliure i gratu\u00efta.<\/p>\n\n\n\n<p><\/p>\n","protected":false},"excerpt":{"rendered":"<p>Divendres 14 de juny a les 19 h tarda de Cinema a la Casa Irla amb la pel\u00b7l\u00edcula &#8220;L&#8217;Hereu&#8221; de Ramon Paytuv\u00ed.<\/p>\n","protected":false},"author":1,"featured_media":2662,"comment_status":"closed","ping_status":"closed","sticky":false,"template":"","format":"standard","meta":{"footnotes":""},"categories":[1],"tags":[],"class_list":["post-2661","post","type-post","status-publish","format-standard","has-post-thumbnail","hentry","category-general"],"_links":{"self":[{"href":"https:\/\/irla.cat\/casairla\/wp-json\/wp\/v2\/posts\/2661","targetHints":{"allow":["GET"]}}],"collection":[{"href":"https:\/\/irla.cat\/casairla\/wp-json\/wp\/v2\/posts"}],"about":[{"href":"https:\/\/irla.cat\/casairla\/wp-json\/wp\/v2\/types\/post"}],"author":[{"embeddable":true,"href":"https:\/\/irla.cat\/casairla\/wp-json\/wp\/v2\/users\/1"}],"replies":[{"embeddable":true,"href":"https:\/\/irla.cat\/casairla\/wp-json\/wp\/v2\/comments?post=2661"}],"version-history":[{"count":1,"href":"https:\/\/irla.cat\/casairla\/wp-json\/wp\/v2\/posts\/2661\/revisions"}],"predecessor-version":[{"id":2663,"href":"https:\/\/irla.cat\/casairla\/wp-json\/wp\/v2\/posts\/2661\/revisions\/2663"}],"wp:featuredmedia":[{"embeddable":true,"href":"https:\/\/irla.cat\/casairla\/wp-json\/wp\/v2\/media\/2662"}],"wp:attachment":[{"href":"https:\/\/irla.cat\/casairla\/wp-json\/wp\/v2\/media?parent=2661"}],"wp:term":[{"taxonomy":"category","embeddable":true,"href":"https:\/\/irla.cat\/casairla\/wp-json\/wp\/v2\/categories?post=2661"},{"taxonomy":"post_tag","embeddable":true,"href":"https:\/\/irla.cat\/casairla\/wp-json\/wp\/v2\/tags?post=2661"}],"curies":[{"name":"wp","href":"https:\/\/api.w.org\/{rel}","templated":true}]}}