{"id":2643,"date":"2025-05-19T08:23:36","date_gmt":"2025-05-19T06:23:36","guid":{"rendered":"https:\/\/irla.cat\/casairla\/?p=2643"},"modified":"2025-05-21T08:29:57","modified_gmt":"2025-05-21T06:29:57","slug":"candel-la-vida-de-paco-candel-la-maquina-descriure-de-genis-sinca","status":"publish","type":"post","link":"https:\/\/irla.cat\/casairla\/2025\/05\/19\/candel-la-vida-de-paco-candel-la-maquina-descriure-de-genis-sinca\/","title":{"rendered":"&#8220;Candel. La vida de Paco Candel la m\u00e0quina d&#8217;escriure&#8221; de Gen\u00eds Sinca"},"content":{"rendered":"\n<p>Divendres dia 23 de maig a les 19 h presentem el llibre &#8220;Candel. La vida de Paco Candel la m\u00e0quina d&#8217;escriure&#8221; de Gen\u00eds Sinca.<\/p>\n\n\n\n<p>La millor obra de Paco Candel \u00e9s la seva vida.<\/p>\n\n\n\n<p>M\u00e9s enll\u00e0 de l\u2019\u00e8xit esclatant de les seves obres, que el van arribar a convertir en l\u2019autor m\u00e9s venut de Sant Jordi i un dels m\u00e9s llegits a Espanya \u2014parlant d\u2019un barri que poca gent trepitjava i d\u2019on ell no va voler marxar mai\u2014; m\u00e9s enll\u00e0 d\u2019aix\u00f2 i de tots els reconeixements per una carrera liter\u00e0ria extraordin\u00e0ria, podem dir que l\u2019obra principal de Candel \u00e9s la seva pr\u00f2pia vida.<\/p>\n\n\n\n<p>Una vida que encara ens serveix com a model de comprom\u00eds i com a guia per interpretar el nostre temps. Quan Gen\u00eds Sinca va entrar per primera vegada a casa de Candel, era un jove periodista fascinat pel mite del barraquisme catal\u00e0, la veu dels \u00abaltres catalans\u00bb, i hi va con\u00e8ixer la persona, amb tota la profunditat.<br><\/p>\n\n\n\n<p>Van passar set anys de converses, els \u00faltims anys de la vida de l\u2019autor, trenats per la lectura profunda de l\u2019obra candeliana i moltes entrevistes amb persones del seu entorn, fins que aquest llibre va comen\u00e7ar a prendre forma. <\/p>\n\n\n\n<p>Som davant de la primera i \u00fanica biografia de Paco Candel, i tamb\u00e9 de les seves \u00faltimes mem\u00f2ries.<\/p>\n\n\n<div class=\"wp-block-image\">\n<figure class=\"aligncenter size-large\"><a href=\"https:\/\/comanegra.com\/es\/espores\/842-paco-candel-genis-sinca-editorial-comanegra.html\" target=\"_blank\" rel=\" noreferrer noopener\"><img loading=\"lazy\" decoding=\"async\" width=\"683\" height=\"1024\" src=\"https:\/\/irla.cat\/casairla\/wp-content\/uploads\/2025\/05\/La-maquina-descriure-683x1024.jpg\" alt=\"\" class=\"wp-image-2644\" srcset=\"https:\/\/irla.cat\/casairla\/wp-content\/uploads\/2025\/05\/La-maquina-descriure-683x1024.jpg 683w, https:\/\/irla.cat\/casairla\/wp-content\/uploads\/2025\/05\/La-maquina-descriure-200x300.jpg 200w, https:\/\/irla.cat\/casairla\/wp-content\/uploads\/2025\/05\/La-maquina-descriure-768x1151.jpg 768w, https:\/\/irla.cat\/casairla\/wp-content\/uploads\/2025\/05\/La-maquina-descriure.jpg 1000w\" sizes=\"auto, (max-width: 683px) 100vw, 683px\" \/><\/a><\/figure>\n<\/div>\n\n\n<p><\/p>\n","protected":false},"excerpt":{"rendered":"<p>Divendres dia 23 de maig a les 19 h presentem el llibre &#8220;Candel. La vida de Paco Candel la m\u00e0quina d&#8217;escriure&#8221; de Gen\u00eds Sinca.<\/p>\n","protected":false},"author":1,"featured_media":2645,"comment_status":"closed","ping_status":"closed","sticky":false,"template":"","format":"standard","meta":{"footnotes":""},"categories":[1],"tags":[],"class_list":["post-2643","post","type-post","status-publish","format-standard","has-post-thumbnail","hentry","category-general"],"_links":{"self":[{"href":"https:\/\/irla.cat\/casairla\/wp-json\/wp\/v2\/posts\/2643","targetHints":{"allow":["GET"]}}],"collection":[{"href":"https:\/\/irla.cat\/casairla\/wp-json\/wp\/v2\/posts"}],"about":[{"href":"https:\/\/irla.cat\/casairla\/wp-json\/wp\/v2\/types\/post"}],"author":[{"embeddable":true,"href":"https:\/\/irla.cat\/casairla\/wp-json\/wp\/v2\/users\/1"}],"replies":[{"embeddable":true,"href":"https:\/\/irla.cat\/casairla\/wp-json\/wp\/v2\/comments?post=2643"}],"version-history":[{"count":1,"href":"https:\/\/irla.cat\/casairla\/wp-json\/wp\/v2\/posts\/2643\/revisions"}],"predecessor-version":[{"id":2646,"href":"https:\/\/irla.cat\/casairla\/wp-json\/wp\/v2\/posts\/2643\/revisions\/2646"}],"wp:featuredmedia":[{"embeddable":true,"href":"https:\/\/irla.cat\/casairla\/wp-json\/wp\/v2\/media\/2645"}],"wp:attachment":[{"href":"https:\/\/irla.cat\/casairla\/wp-json\/wp\/v2\/media?parent=2643"}],"wp:term":[{"taxonomy":"category","embeddable":true,"href":"https:\/\/irla.cat\/casairla\/wp-json\/wp\/v2\/categories?post=2643"},{"taxonomy":"post_tag","embeddable":true,"href":"https:\/\/irla.cat\/casairla\/wp-json\/wp\/v2\/tags?post=2643"}],"curies":[{"name":"wp","href":"https:\/\/api.w.org\/{rel}","templated":true}]}}