{"id":264,"date":"2014-04-13T01:43:34","date_gmt":"2014-04-13T00:43:34","guid":{"rendered":"http:\/\/www.irla.cat\/casairla\/?p=264"},"modified":"2017-03-15T01:46:10","modified_gmt":"2017-03-15T00:46:10","slug":"havaneres-amb-la-petita-havana","status":"publish","type":"post","link":"https:\/\/irla.cat\/casairla\/2014\/04\/13\/havaneres-amb-la-petita-havana\/","title":{"rendered":"Havaneres amb &#8220;La petita Havana&#8221;"},"content":{"rendered":"<p>El dissabte 19 d&#8217;abril de 2014 tornen les havaneres a la Casa Irla. Can\u00e7ons i temes cl\u00e0ssics de la can\u00e7\u00f3 de taverna de la m\u00e0 de &#8220;La petita havana&#8221;.<\/p>\n<p><!--more--><\/p>\n<p>Un trio que v\u00e9nen de Vilanova i la Geltr\u00fa amb can\u00e7ons de sempre d&#8217;aquesta vella vila marinera.<\/p>\n<p>Una altra gran ocasi\u00f3 per escoltar, cantar i compartir les can\u00e7ons de taverna i havaneres que ens evoquen a la nostra cultura i la nostra hist\u00f2ria.<\/p>\n<p>Podeu saber m\u00e9s coses d&#8217;aquest grup al seu web: &#8220;<a href=\"http:\/\/www.lapetitahavana.cat\/index.html\" target=\"_blank\">La petita havana<\/a>&#8221;<\/p>\n<p><img loading=\"lazy\" decoding=\"async\" class=\"aligncenter size-full wp-image-266\" src=\"http:\/\/www.irla.cat\/casairla\/wp-content\/uploads\/2017\/03\/Cartell-La-Petita-Havana.jpg\" alt=\"\" width=\"400\" height=\"404\" srcset=\"https:\/\/irla.cat\/casairla\/wp-content\/uploads\/2017\/03\/Cartell-La-Petita-Havana.jpg 400w, https:\/\/irla.cat\/casairla\/wp-content\/uploads\/2017\/03\/Cartell-La-Petita-Havana-297x300.jpg 297w\" sizes=\"auto, (max-width: 400px) 100vw, 400px\" \/><\/p>\n","protected":false},"excerpt":{"rendered":"<p>El dissabte 19 d&#8217;abril de 2014 tornen les havaneres a la Casa Irla. Can\u00e7ons i temes cl\u00e0ssics de la can\u00e7\u00f3<\/p>\n","protected":false},"author":1,"featured_media":265,"comment_status":"open","ping_status":"open","sticky":false,"template":"template-centered.php","format":"standard","meta":{"footnotes":""},"categories":[1],"tags":[],"class_list":["post-264","post","type-post","status-publish","format-standard","has-post-thumbnail","hentry","category-general"],"_links":{"self":[{"href":"https:\/\/irla.cat\/casairla\/wp-json\/wp\/v2\/posts\/264","targetHints":{"allow":["GET"]}}],"collection":[{"href":"https:\/\/irla.cat\/casairla\/wp-json\/wp\/v2\/posts"}],"about":[{"href":"https:\/\/irla.cat\/casairla\/wp-json\/wp\/v2\/types\/post"}],"author":[{"embeddable":true,"href":"https:\/\/irla.cat\/casairla\/wp-json\/wp\/v2\/users\/1"}],"replies":[{"embeddable":true,"href":"https:\/\/irla.cat\/casairla\/wp-json\/wp\/v2\/comments?post=264"}],"version-history":[{"count":1,"href":"https:\/\/irla.cat\/casairla\/wp-json\/wp\/v2\/posts\/264\/revisions"}],"predecessor-version":[{"id":267,"href":"https:\/\/irla.cat\/casairla\/wp-json\/wp\/v2\/posts\/264\/revisions\/267"}],"wp:featuredmedia":[{"embeddable":true,"href":"https:\/\/irla.cat\/casairla\/wp-json\/wp\/v2\/media\/265"}],"wp:attachment":[{"href":"https:\/\/irla.cat\/casairla\/wp-json\/wp\/v2\/media?parent=264"}],"wp:term":[{"taxonomy":"category","embeddable":true,"href":"https:\/\/irla.cat\/casairla\/wp-json\/wp\/v2\/categories?post=264"},{"taxonomy":"post_tag","embeddable":true,"href":"https:\/\/irla.cat\/casairla\/wp-json\/wp\/v2\/tags?post=264"}],"curies":[{"name":"wp","href":"https:\/\/api.w.org\/{rel}","templated":true}]}}