{"id":2638,"date":"2025-05-14T13:47:16","date_gmt":"2025-05-14T11:47:16","guid":{"rendered":"https:\/\/irla.cat\/casairla\/?p=2638"},"modified":"2025-05-14T13:48:49","modified_gmt":"2025-05-14T11:48:49","slug":"conferencia-decidir-amb-el-cor-a-carrec-de-lelena-cuesta-i-toni-azorin","status":"publish","type":"post","link":"https:\/\/irla.cat\/casairla\/2025\/05\/14\/conferencia-decidir-amb-el-cor-a-carrec-de-lelena-cuesta-i-toni-azorin\/","title":{"rendered":"Confer\u00e8ncia &#8220;Decidir amb el cor&#8221; a c\u00e0rrec de l&#8217;Elena Cuesta i Toni Azor\u00edn"},"content":{"rendered":"\n<p>Dissabte 17 de maig a les 19 h confer\u00e8ncia &#8220;Decidir amb el cor&#8221; a c\u00e0rrec de l&#8217;Elena Cuesta, Coach amb cavalls lliures i fundadora del Santuari de Pau La Plana Gran.<\/p>\n\n\n\n<p>EN AQUESTA NOVA TROBADA PARLAREM DE CAVALLS.<\/p>\n\n\n\n<p>Parlarem de com viuen en llibertat, com es relacionen, i com reflecteixen la coher\u00e8ncia o incoher\u00e8ncia entre el qu\u00e8 pensem, sentim i fem. S\u00f3n animals socials, que estan en permanent connexi\u00f3 amb tot el que els envolta.<\/p>\n\n\n\n<p>Sempre busquen el benestar del grup, regulant-se m\u00fatuament per ajudar-se a descarregar tensi\u00f3 i tornar a la calma. A trav\u00e9s dels mateixos mecanismes, els humans transmetem el nostre estat emocional, i podem influir en l\u2019estat emocional dels altres. La roda d\u2019estr\u00e8s i preocupacions constants t\u00e9 l\u2019origen en la incoher\u00e8ncia interna.<\/p>\n\n\n\n<p>La bona not\u00edcia \u00e9s que el cor t\u00e9 la capacitat de retornar-nos a la coher\u00e8ncia.<\/p>\n\n\n\n<p>Els cavalls que poden viure com a cavalls irradien des de el seu cor, un patr\u00f3 coherent 5 vegades m\u00e9s gran que el dels humans i ens ajuden a experimentar, com \u00e9s viure des de el cor, en aquesta coher\u00e8ncia interna.<\/p>\n\n\n\n<p>Al final de la sessi\u00f3, farem activitats pr\u00e0ctiques on podr\u00e0s experimentar com fer que ment i cor puguin sincronitzar-se en coher\u00e8ncia, i com \u00e9s connectar amb tu i amb el grup des de aquest estat.<\/p>\n\n\n\n<p><\/p>\n","protected":false},"excerpt":{"rendered":"<p>Dissabte 17 de maig a les 19 h confer\u00e8ncia  &#8220;Decidir amb el cor&#8221; a c\u00e0rrec de l&#8217;Elena Cuesta, Coach amb cavalls lliures i Toni Azor\u00edn, Coach Ontol\u00f2gic.<\/p>\n","protected":false},"author":1,"featured_media":2639,"comment_status":"closed","ping_status":"closed","sticky":false,"template":"","format":"standard","meta":{"footnotes":""},"categories":[1],"tags":[],"class_list":["post-2638","post","type-post","status-publish","format-standard","has-post-thumbnail","hentry","category-general"],"_links":{"self":[{"href":"https:\/\/irla.cat\/casairla\/wp-json\/wp\/v2\/posts\/2638","targetHints":{"allow":["GET"]}}],"collection":[{"href":"https:\/\/irla.cat\/casairla\/wp-json\/wp\/v2\/posts"}],"about":[{"href":"https:\/\/irla.cat\/casairla\/wp-json\/wp\/v2\/types\/post"}],"author":[{"embeddable":true,"href":"https:\/\/irla.cat\/casairla\/wp-json\/wp\/v2\/users\/1"}],"replies":[{"embeddable":true,"href":"https:\/\/irla.cat\/casairla\/wp-json\/wp\/v2\/comments?post=2638"}],"version-history":[{"count":3,"href":"https:\/\/irla.cat\/casairla\/wp-json\/wp\/v2\/posts\/2638\/revisions"}],"predecessor-version":[{"id":2642,"href":"https:\/\/irla.cat\/casairla\/wp-json\/wp\/v2\/posts\/2638\/revisions\/2642"}],"wp:featuredmedia":[{"embeddable":true,"href":"https:\/\/irla.cat\/casairla\/wp-json\/wp\/v2\/media\/2639"}],"wp:attachment":[{"href":"https:\/\/irla.cat\/casairla\/wp-json\/wp\/v2\/media?parent=2638"}],"wp:term":[{"taxonomy":"category","embeddable":true,"href":"https:\/\/irla.cat\/casairla\/wp-json\/wp\/v2\/categories?post=2638"},{"taxonomy":"post_tag","embeddable":true,"href":"https:\/\/irla.cat\/casairla\/wp-json\/wp\/v2\/tags?post=2638"}],"curies":[{"name":"wp","href":"https:\/\/api.w.org\/{rel}","templated":true}]}}