{"id":2619,"date":"2025-04-23T09:02:54","date_gmt":"2025-04-23T07:02:54","guid":{"rendered":"https:\/\/irla.cat\/casairla\/?p=2619"},"modified":"2025-04-24T09:08:06","modified_gmt":"2025-04-24T07:08:06","slug":"dissabte-dia-26-dabril-presentem-les-orquidies-del-mal-de-la-nuria-bacardit","status":"publish","type":"post","link":"https:\/\/irla.cat\/casairla\/2025\/04\/23\/dissabte-dia-26-dabril-presentem-les-orquidies-del-mal-de-la-nuria-bacardit\/","title":{"rendered":"Dissabte dia 26 d&#8217;abril presentem &#8220;Les orqu\u00eddies del mal&#8221; de la\u00a0N\u00faria Bacardit"},"content":{"rendered":"\n<p>Dissabte dia 26 d&#8217;abril a les 19 ha la Casa Irla presentaci\u00f3 del llibre &#8220;Les orqu\u00eddies del mal&#8221; de la N\u00faria Bacardit.<\/p>\n\n\n\n<p>A l\u2019Albada fa mesos que no hi plou, els ve\u00efns miren el cel sense cap esperan\u00e7a de rebre aigua fins que una tarda, de manera del tot inesperada, arriba una gran tempesta, i amb la pluja tamb\u00e9 apareix un cad\u00e0ver. La vida d\u2019aquest tranquil poble es veur\u00e0 totalment alterada: qui \u00e9s la noia morta? I quina relaci\u00f3 t\u00e9 amb cadascun dels seus habitants?<\/p>\n\n\n\n<p>Aquesta hist\u00f2ria barreja l\u2019especulaci\u00f3 urban\u00edstica per l\u2019aven\u00e7 de les fotovoltaiques, la corrupci\u00f3 de la pol\u00edtica catalana i una investigaci\u00f3 cient\u00edfica que podria descobrir el tractament de l\u2019ELA mitjan\u00e7ant unes curioses i rares orqu\u00eddies que nom\u00e9s creixen en aquesta vila.<\/p>\n\n\n\n<p>Un misteri que implicar\u00e0 tots els habitants de l\u2019Albada, pagesos i ramaders que passaran a ser possibles v\u00edctimes o sospitosos.<\/p>\n\n\n<div class=\"wp-block-image\">\n<figure class=\"aligncenter size-full\"><a href=\"https:\/\/www.penguinllibres.com\/tematiques\/363507-libro-les-orquidies-del-mal-9788419836434\"><img loading=\"lazy\" decoding=\"async\" width=\"610\" height=\"926\" src=\"https:\/\/irla.cat\/casairla\/wp-content\/uploads\/2025\/04\/Les-orquidies-del-mal.jpg\" alt=\"\" class=\"wp-image-2624\" srcset=\"https:\/\/irla.cat\/casairla\/wp-content\/uploads\/2025\/04\/Les-orquidies-del-mal.jpg 610w, https:\/\/irla.cat\/casairla\/wp-content\/uploads\/2025\/04\/Les-orquidies-del-mal-198x300.jpg 198w\" sizes=\"auto, (max-width: 610px) 100vw, 610px\" \/><\/a><\/figure>\n<\/div>","protected":false},"excerpt":{"rendered":"<p>Dissabte dia 26 d&#8217;abril a les 19 h a la Casa Irla presentaci\u00f3 del llibre &#8220;Les orqu\u00eddies del mal&#8221; de la N\u00faria Bacardit.<\/p>\n","protected":false},"author":1,"featured_media":2621,"comment_status":"closed","ping_status":"closed","sticky":false,"template":"","format":"standard","meta":{"footnotes":""},"categories":[1],"tags":[],"class_list":["post-2619","post","type-post","status-publish","format-standard","has-post-thumbnail","hentry","category-general"],"_links":{"self":[{"href":"https:\/\/irla.cat\/casairla\/wp-json\/wp\/v2\/posts\/2619","targetHints":{"allow":["GET"]}}],"collection":[{"href":"https:\/\/irla.cat\/casairla\/wp-json\/wp\/v2\/posts"}],"about":[{"href":"https:\/\/irla.cat\/casairla\/wp-json\/wp\/v2\/types\/post"}],"author":[{"embeddable":true,"href":"https:\/\/irla.cat\/casairla\/wp-json\/wp\/v2\/users\/1"}],"replies":[{"embeddable":true,"href":"https:\/\/irla.cat\/casairla\/wp-json\/wp\/v2\/comments?post=2619"}],"version-history":[{"count":4,"href":"https:\/\/irla.cat\/casairla\/wp-json\/wp\/v2\/posts\/2619\/revisions"}],"predecessor-version":[{"id":2626,"href":"https:\/\/irla.cat\/casairla\/wp-json\/wp\/v2\/posts\/2619\/revisions\/2626"}],"wp:featuredmedia":[{"embeddable":true,"href":"https:\/\/irla.cat\/casairla\/wp-json\/wp\/v2\/media\/2621"}],"wp:attachment":[{"href":"https:\/\/irla.cat\/casairla\/wp-json\/wp\/v2\/media?parent=2619"}],"wp:term":[{"taxonomy":"category","embeddable":true,"href":"https:\/\/irla.cat\/casairla\/wp-json\/wp\/v2\/categories?post=2619"},{"taxonomy":"post_tag","embeddable":true,"href":"https:\/\/irla.cat\/casairla\/wp-json\/wp\/v2\/tags?post=2619"}],"curies":[{"name":"wp","href":"https:\/\/api.w.org\/{rel}","templated":true}]}}