{"id":2610,"date":"2025-04-07T20:02:07","date_gmt":"2025-04-07T18:02:07","guid":{"rendered":"https:\/\/irla.cat\/casairla\/?p=2610"},"modified":"2025-04-07T20:03:57","modified_gmt":"2025-04-07T18:03:57","slug":"presentacio-del-llibre-vida-de-gata-de-josep-masats","status":"publish","type":"post","link":"https:\/\/irla.cat\/casairla\/2025\/04\/07\/presentacio-del-llibre-vida-de-gata-de-josep-masats\/","title":{"rendered":"Presentaci\u00f3 del llibre &#8220;Vida de gata&#8221; de Josep Masats"},"content":{"rendered":"\n<p>Dissabte 12 d&#8217;abril a les 19 h presentm el llibre &#8220;Vida de gata&#8221; de Josep Masats guanyador del LIX Premis Recvll de Blanes.<\/p>\n\n\n\n<p>En unes p\u00e0gines del llibre es parla de gats i gates, de carrer, salvatges i lliures. Les mixetes han domesticat els humans. N\u2019accepten menjar, sostre, escalf. I, tanmateix, quan els conv\u00e9 en fugen uns quants dies o per sempre m\u00e9s. Cap moix no s\u2019imagina relats sobre la seva vida. Ni es penja del passat o somia en el futur. Viuen la vida tal com se\u2019ls presenta, jaient, actius de nits i llibertaris. En els poemes sense gats, tamb\u00e9 se\u2019n parla, de la vida\u2026 i amb una certa mirada, diguem-ne, felina.<\/p>\n\n\n\n<p>L\u2019autor acosta la bellesa d\u2019una variada proposta tem\u00e0tica a trav\u00e9s de poemes plens de ritme i amb vocaci\u00f3 d\u2019arribar a un p\u00fablic ampli i divers.<\/p>\n\n\n\n<p>Josep Masats s\u2019interessa pels gats lliures de carrer, aquells que no interessen a ning\u00fa, i es converteixen en un fil que teixeix el poemari.<\/p>\n\n\n\n<p>Presenta l&#8217;acte la Sra. \u00c0ngela Ribas<\/p>\n\n\n<div class=\"wp-block-image\">\n<figure class=\"aligncenter size-large\"><img loading=\"lazy\" decoding=\"async\" width=\"640\" height=\"1024\" src=\"https:\/\/irla.cat\/casairla\/wp-content\/uploads\/2025\/04\/Vida-de-gata-640x1024.jpg\" alt=\"\" class=\"wp-image-2615\" srcset=\"https:\/\/irla.cat\/casairla\/wp-content\/uploads\/2025\/04\/Vida-de-gata-640x1024.jpg 640w, https:\/\/irla.cat\/casairla\/wp-content\/uploads\/2025\/04\/Vida-de-gata-188x300.jpg 188w, https:\/\/irla.cat\/casairla\/wp-content\/uploads\/2025\/04\/Vida-de-gata-768x1229.jpg 768w, https:\/\/irla.cat\/casairla\/wp-content\/uploads\/2025\/04\/Vida-de-gata-960x1536.jpg 960w, https:\/\/irla.cat\/casairla\/wp-content\/uploads\/2025\/04\/Vida-de-gata-1280x2048.jpg 1280w, https:\/\/irla.cat\/casairla\/wp-content\/uploads\/2025\/04\/Vida-de-gata-scaled.jpg 1600w\" sizes=\"auto, (max-width: 640px) 100vw, 640px\" \/><\/figure>\n<\/div>\n\n\n<p><\/p>\n","protected":false},"excerpt":{"rendered":"<p>Dissabte 12 d&#8217;abril a les 19 h presentm el llibre &#8220;Vida de gata&#8221; de Josep Masats guanyador del LIX Premis Recvll de Blanes.<\/p>\n","protected":false},"author":1,"featured_media":2611,"comment_status":"closed","ping_status":"closed","sticky":false,"template":"","format":"standard","meta":{"footnotes":""},"categories":[1],"tags":[],"class_list":["post-2610","post","type-post","status-publish","format-standard","has-post-thumbnail","hentry","category-general"],"_links":{"self":[{"href":"https:\/\/irla.cat\/casairla\/wp-json\/wp\/v2\/posts\/2610","targetHints":{"allow":["GET"]}}],"collection":[{"href":"https:\/\/irla.cat\/casairla\/wp-json\/wp\/v2\/posts"}],"about":[{"href":"https:\/\/irla.cat\/casairla\/wp-json\/wp\/v2\/types\/post"}],"author":[{"embeddable":true,"href":"https:\/\/irla.cat\/casairla\/wp-json\/wp\/v2\/users\/1"}],"replies":[{"embeddable":true,"href":"https:\/\/irla.cat\/casairla\/wp-json\/wp\/v2\/comments?post=2610"}],"version-history":[{"count":4,"href":"https:\/\/irla.cat\/casairla\/wp-json\/wp\/v2\/posts\/2610\/revisions"}],"predecessor-version":[{"id":2617,"href":"https:\/\/irla.cat\/casairla\/wp-json\/wp\/v2\/posts\/2610\/revisions\/2617"}],"wp:featuredmedia":[{"embeddable":true,"href":"https:\/\/irla.cat\/casairla\/wp-json\/wp\/v2\/media\/2611"}],"wp:attachment":[{"href":"https:\/\/irla.cat\/casairla\/wp-json\/wp\/v2\/media?parent=2610"}],"wp:term":[{"taxonomy":"category","embeddable":true,"href":"https:\/\/irla.cat\/casairla\/wp-json\/wp\/v2\/categories?post=2610"},{"taxonomy":"post_tag","embeddable":true,"href":"https:\/\/irla.cat\/casairla\/wp-json\/wp\/v2\/tags?post=2610"}],"curies":[{"name":"wp","href":"https:\/\/api.w.org\/{rel}","templated":true}]}}