{"id":2605,"date":"2025-03-31T09:47:51","date_gmt":"2025-03-31T07:47:51","guid":{"rendered":"https:\/\/irla.cat\/casairla\/?p=2605"},"modified":"2025-03-31T09:47:52","modified_gmt":"2025-03-31T07:47:52","slug":"dissabte-5-dabril-presentacio-del-llibre-les-tenebres-del-cor-dalbert-sanchez-pinol","status":"publish","type":"post","link":"https:\/\/irla.cat\/casairla\/2025\/03\/31\/dissabte-5-dabril-presentacio-del-llibre-les-tenebres-del-cor-dalbert-sanchez-pinol\/","title":{"rendered":"Dissabte 5 d&#8217;abril presentaci\u00f3 del llibre &#8220;Les tenebres del cor&#8221; d&#8217;Albert S\u00e1nchez Pi\u00f1ol"},"content":{"rendered":"\n<p>Dissabte 5 d&#8217;abril a les 19 h presentem a Casa Irla el llibre &#8220;Les tenebres del cor&#8221; d&#8217;Albert S\u00e1nchez Pi\u00f1ol.<\/p>\n\n\n\n<p>Amb Les tenebres del cor, l\u2019autor de novel\u00b7les com Victus o La pell freda, escriu la hist\u00f2ria apassionant d\u2019una il\u00b7lusi\u00f3, tan immortal\u00a0 com inassolible, que ha generat proeses inaudites, moltes ll\u00e0grimes i grans alegries.<\/p>\n\n\n\n<p>Seria dif\u00edcil trobar un grup hum\u00e0 m\u00e9s allunyat\u00a0 de la nostra fesomia i dels nostres patrons culturals que els habitants de la selva africana, mal coneguts com a \u00abpigmeus\u00bb.<\/p>\n\n\n\n<p>S\u00f3n lluny \u00a0de nosaltres i de tothom. S\u00f3n els ex\u00f2tics dels ex\u00f2tics.<\/p>\n\n\n\n<p>Homer els esmenta a la Il\u00edada, i els seus versos s\u00f3n l\u2019origen d\u2019un dels malentesos m\u00e9s rid\u00edculs i perdurables de la hist\u00f2ria cient\u00edfica.\u00a0<\/p>\n\n\n\n<p>Qui eren aquells pigmeus que es defensaven amb llances dels atacs de les grues? La resposta \u00e9s molt senzilla: unes criatures tan\u00a0 fabuloses com els nostres follets. Per\u00f2 a la Gr\u00e8cia antiga, Homer ja era un cl\u00e0ssic, i si havia dit que els pigmeus eren reals \u00e9s que\u00a0 ho eren. Aix\u00ed, doncs, qu\u00e8 tenen a veure els habitants de la selva africana amb els pigmeus grecs? Res en absolut.<\/p>\n\n\n\n<p>Semblava que el racionalisme havia deixat enrere el mite, per\u00f2 des del segle XIX, contra tot pron\u00f2stic i empesos per la ci\u00e8ncia, la literatura\u00a0i la fantasia, molts aventurers i exploradors han anat a l\u2019encontre dels pigmeus al cor d\u2019\u00c0frica. Les tenebres del cor narra aquesta trobada amb unes criatures de les quals nom\u00e9s sabem que no en sabem res. I tan sols desvetllarem un aspecte sorprenent: els personatges ver\u00eddics d\u2019aquest llibre \u2014l\u2019extravagant i seductor Paul Du Chaillu, el tibat bot\u00e0nic alemany Georg Schweinfurth, l\u2019injustament oblidat etn\u00f2graf Paul Schebesta, la pintora Anne Eisner i el seu marit Patrick Putnam, l\u2019antrop\u00f2leg Colin Turnbull i el propi Albert S\u00e1nchez Pi\u00f1ol\u2014 van anar a buscar en els \u00abpigmeus\u00bb alguna cosa important\u00edssima per a ells, i tots van trobar el que buscaven. Tanmateix, oh, paradoxa fatal, el que van trobar no existeix!<\/p>\n\n\n<div class=\"wp-block-image\">\n<figure class=\"aligncenter size-large\"><img loading=\"lazy\" decoding=\"async\" width=\"674\" height=\"1024\" src=\"https:\/\/irla.cat\/casairla\/wp-content\/uploads\/2025\/03\/Les-tenebres-del-cor-674x1024.jpg\" alt=\"\" class=\"wp-image-2606\" srcset=\"https:\/\/irla.cat\/casairla\/wp-content\/uploads\/2025\/03\/Les-tenebres-del-cor-674x1024.jpg 674w, https:\/\/irla.cat\/casairla\/wp-content\/uploads\/2025\/03\/Les-tenebres-del-cor-198x300.jpg 198w, https:\/\/irla.cat\/casairla\/wp-content\/uploads\/2025\/03\/Les-tenebres-del-cor-768x1166.jpg 768w, https:\/\/irla.cat\/casairla\/wp-content\/uploads\/2025\/03\/Les-tenebres-del-cor-1012x1536.jpg 1012w, https:\/\/irla.cat\/casairla\/wp-content\/uploads\/2025\/03\/Les-tenebres-del-cor-1349x2048.jpg 1349w, https:\/\/irla.cat\/casairla\/wp-content\/uploads\/2025\/03\/Les-tenebres-del-cor-scaled.jpg 1686w\" sizes=\"auto, (max-width: 674px) 100vw, 674px\" \/><\/figure>\n<\/div>","protected":false},"excerpt":{"rendered":"<p>Dissabte 5 d&#8217;abril a les 19 h presentem a Casa Irla el llibre &#8220;Les tenebres del cor&#8221; d&#8217;Albert S\u00e1nchez Pi\u00f1ol.<\/p>\n","protected":false},"author":1,"featured_media":2607,"comment_status":"closed","ping_status":"closed","sticky":false,"template":"","format":"standard","meta":{"footnotes":""},"categories":[1],"tags":[],"class_list":["post-2605","post","type-post","status-publish","format-standard","has-post-thumbnail","hentry","category-general"],"_links":{"self":[{"href":"https:\/\/irla.cat\/casairla\/wp-json\/wp\/v2\/posts\/2605","targetHints":{"allow":["GET"]}}],"collection":[{"href":"https:\/\/irla.cat\/casairla\/wp-json\/wp\/v2\/posts"}],"about":[{"href":"https:\/\/irla.cat\/casairla\/wp-json\/wp\/v2\/types\/post"}],"author":[{"embeddable":true,"href":"https:\/\/irla.cat\/casairla\/wp-json\/wp\/v2\/users\/1"}],"replies":[{"embeddable":true,"href":"https:\/\/irla.cat\/casairla\/wp-json\/wp\/v2\/comments?post=2605"}],"version-history":[{"count":1,"href":"https:\/\/irla.cat\/casairla\/wp-json\/wp\/v2\/posts\/2605\/revisions"}],"predecessor-version":[{"id":2608,"href":"https:\/\/irla.cat\/casairla\/wp-json\/wp\/v2\/posts\/2605\/revisions\/2608"}],"wp:featuredmedia":[{"embeddable":true,"href":"https:\/\/irla.cat\/casairla\/wp-json\/wp\/v2\/media\/2607"}],"wp:attachment":[{"href":"https:\/\/irla.cat\/casairla\/wp-json\/wp\/v2\/media?parent=2605"}],"wp:term":[{"taxonomy":"category","embeddable":true,"href":"https:\/\/irla.cat\/casairla\/wp-json\/wp\/v2\/categories?post=2605"},{"taxonomy":"post_tag","embeddable":true,"href":"https:\/\/irla.cat\/casairla\/wp-json\/wp\/v2\/tags?post=2605"}],"curies":[{"name":"wp","href":"https:\/\/api.w.org\/{rel}","templated":true}]}}