{"id":2600,"date":"2025-03-17T17:00:00","date_gmt":"2025-03-17T16:00:00","guid":{"rendered":"https:\/\/irla.cat\/casairla\/?p=2600"},"modified":"2025-03-18T08:27:17","modified_gmt":"2025-03-18T07:27:17","slug":"inauguracio-de-lexposicio-bellesa-de-marcelli-armengou","status":"publish","type":"post","link":"https:\/\/irla.cat\/casairla\/2025\/03\/17\/inauguracio-de-lexposicio-bellesa-de-marcelli-armengou\/","title":{"rendered":"Inauguraci\u00f3 de l&#8217;exposici\u00f3 &#8220;Bellesa&#8221; de Marcel\u00b7l\u00ed Armengou"},"content":{"rendered":"\n<p>Dissabte 22 de mar\u00e7 a les 19 h inaugurem a Casa Irla l&#8217;exposici\u00f3 &#8220;Bellesa&#8221; de Marcel\u00b7l\u00ed Armengou.<\/p>\n\n\n\n<p>Si mirem la definici\u00f3 de Bellesa a la Wikipedia, veurem que diu que \u201cLa bellesa \u00e9s una caracter\u00edstica d\u2019una persona, animal, lloc, objecte o idea, que proporciona una percepci\u00f3 plaent, de valor personal i cultural, o de satisfacci\u00f3.\u201d <\/p>\n\n\n\n<p>Tamb\u00e9 diu que \u00e9s una experi\u00e8ncia subjectiva que \u201c\u00e9s objecte d\u2019estudi en l\u2019est\u00e8tica, la sociologia, la psicologia social, i la cultura\u201d.<\/p>\n\n\n\n<p>Aquesta definici\u00f3 s\u2019adequa a l\u2019obra fotogr\u00e0fica que presento aqu\u00ed i que malgrat semblar un caos tem\u00e0tic, que ho \u00e9s, no deixa de ser una petita representaci\u00f3 d\u2019all\u00f2 que en realitat ens trobem a la nostra societat; aix\u00f2 s\u00ed, passat pel sed\u00e0s dels meus ulls.<\/p>\n\n\n\n<p>Vernissatge el dissabte 22 de mar\u00e7 a les 19 h.<\/p>\n\n\n\n<p><\/p>\n","protected":false},"excerpt":{"rendered":"<p>Dissabte 22 de mar\u00e7 a les 19 h inaugurem a Casa Irla l&#8217;exposici\u00f3 que porta per t\u00edtol &#8220;Bellesa&#8221; de Marcel\u00b7l\u00ed Armengou.<\/p>\n","protected":false},"author":1,"featured_media":2601,"comment_status":"closed","ping_status":"closed","sticky":false,"template":"","format":"standard","meta":{"footnotes":""},"categories":[1],"tags":[],"class_list":["post-2600","post","type-post","status-publish","format-standard","has-post-thumbnail","hentry","category-general"],"_links":{"self":[{"href":"https:\/\/irla.cat\/casairla\/wp-json\/wp\/v2\/posts\/2600","targetHints":{"allow":["GET"]}}],"collection":[{"href":"https:\/\/irla.cat\/casairla\/wp-json\/wp\/v2\/posts"}],"about":[{"href":"https:\/\/irla.cat\/casairla\/wp-json\/wp\/v2\/types\/post"}],"author":[{"embeddable":true,"href":"https:\/\/irla.cat\/casairla\/wp-json\/wp\/v2\/users\/1"}],"replies":[{"embeddable":true,"href":"https:\/\/irla.cat\/casairla\/wp-json\/wp\/v2\/comments?post=2600"}],"version-history":[{"count":2,"href":"https:\/\/irla.cat\/casairla\/wp-json\/wp\/v2\/posts\/2600\/revisions"}],"predecessor-version":[{"id":2603,"href":"https:\/\/irla.cat\/casairla\/wp-json\/wp\/v2\/posts\/2600\/revisions\/2603"}],"wp:featuredmedia":[{"embeddable":true,"href":"https:\/\/irla.cat\/casairla\/wp-json\/wp\/v2\/media\/2601"}],"wp:attachment":[{"href":"https:\/\/irla.cat\/casairla\/wp-json\/wp\/v2\/media?parent=2600"}],"wp:term":[{"taxonomy":"category","embeddable":true,"href":"https:\/\/irla.cat\/casairla\/wp-json\/wp\/v2\/categories?post=2600"},{"taxonomy":"post_tag","embeddable":true,"href":"https:\/\/irla.cat\/casairla\/wp-json\/wp\/v2\/tags?post=2600"}],"curies":[{"name":"wp","href":"https:\/\/api.w.org\/{rel}","templated":true}]}}