{"id":2589,"date":"2025-03-05T12:00:00","date_gmt":"2025-03-05T11:00:00","guid":{"rendered":"https:\/\/irla.cat\/casairla\/?p=2589"},"modified":"2025-03-06T01:06:04","modified_gmt":"2025-03-06T00:06:04","slug":"presentacio-del-llibre-de-damia-del-clot-colpisme","status":"publish","type":"post","link":"https:\/\/irla.cat\/casairla\/2025\/03\/05\/presentacio-del-llibre-de-damia-del-clot-colpisme\/","title":{"rendered":"Presentaci\u00f3 del llibre &#8220;Colpisme. De la viol\u00e8ncia militar al lawfare judicial&#8221; de Dami\u00e0 del Clot"},"content":{"rendered":"\n<p>Dissabte 8 de mar\u00e7 a les 19:00 h presentem a la Casa Irla el llibre &#8220;Colpisme. De la viol\u00e8ncia militar al lawfare judicial&#8221; de Dami\u00e0 del Clot.<\/p>\n\n\n\n<p>Quan els poderosos perden el poder, reaccionen amb viol\u00e8ncia. Ha estat aix\u00ed en el passat i \u00e9s aix\u00ed en el present.<\/p>\n\n\n\n<p>L\u2019ex\u00e8rcit espanyol s\u2019ha revelat com una instituci\u00f3 que no ha tolerat el pluralisme, ni la democr\u00e0cia, ni el respecte als drets fonamentals, ni la descentralitzaci\u00f3 pol\u00edtica.<\/p>\n\n\n\n<p>Quan Catalunya ha guanyat poder pol\u00edtic, els militars no han dubtat en utilitzar la for\u00e7a per imposar la seva llei; la del m\u00e9s fort, per arrabassar-lo. La viol\u00e8ncia, el terror i la mort travessa tots els cop d\u2019Estat fins que arriba la Constituci\u00f3 de 1978 i el poder militar perd la for\u00e7a que tenia.<\/p>\n\n\n\n<p>Amb creaci\u00f3 de l\u2019Estat de les Autonomies, el centralisme pol\u00edtic madrileny ha d\u2019aprendre a conviure amb nacions com Catalunya que reclamen m\u00e9s poder de gesti\u00f3. \u00c9s aleshores que l\u2019alta judicatura espanyola agafa el relleu dels militars en la defensa de la unitat de la P\u00e0tria; una defensa que, sovint, queda extramurs de l\u2019ordenament jur\u00eddic que diuen defensar.<\/p>\n\n\n\n<p>El cop passa de ser violent a ser de vellut. El poder dur es torna tou, per\u00f2 no deixa de ser un poder capa\u00e7 d\u2019exercir una viol\u00e8ncia institucional que el permet empresonar innocents, embargar b\u00e9ns o tergiversar el dret transformant una manifestaci\u00f3 pac\u00edfica en una rebel\u00b7li\u00f3 violenta o un moviment social com l\u2019independentista en una organitzaci\u00f3 terrorista.<\/p>\n\n\n\n<p>Colpisme \u00e9s un assaig que posa el descobert les estrat\u00e8gies colpistes dels poderosos en un Estat espanyol, que malgrat autoproclamar-se democr\u00e0tic, tolera estrat\u00e8gies subversives d\u2019alta i baixa intensitat.<\/p>\n\n\n<div class=\"wp-block-image\">\n<figure class=\"aligncenter size-large\"><a href=\"https:\/\/www.voliana.cat\/llibres\/colpisme-de-la-violencia-militar-al-lawfare-judicial\/\" target=\"_blank\" rel=\" noreferrer noopener\"><img loading=\"lazy\" decoding=\"async\" width=\"675\" height=\"1024\" src=\"https:\/\/irla.cat\/casairla\/wp-content\/uploads\/2025\/03\/Colpisme-675x1024.jpg\" alt=\"\" class=\"wp-image-2591\" srcset=\"https:\/\/irla.cat\/casairla\/wp-content\/uploads\/2025\/03\/Colpisme-675x1024.jpg 675w, https:\/\/irla.cat\/casairla\/wp-content\/uploads\/2025\/03\/Colpisme-198x300.jpg 198w, https:\/\/irla.cat\/casairla\/wp-content\/uploads\/2025\/03\/Colpisme-768x1165.jpg 768w, https:\/\/irla.cat\/casairla\/wp-content\/uploads\/2025\/03\/Colpisme.jpg 841w\" sizes=\"auto, (max-width: 675px) 100vw, 675px\" \/><\/a><\/figure>\n<\/div>\n\n\n<p><\/p>\n","protected":false},"excerpt":{"rendered":"<p>Dissabte 8 de mar\u00e7 a les 19:00 h presentem a la Casa Irla el llibre &#8220;Colpisme. De la viol\u00e8ncia militar al lawfare judicial&#8221; de Dami\u00e0 del Clot.<\/p>\n","protected":false},"author":1,"featured_media":2590,"comment_status":"closed","ping_status":"closed","sticky":false,"template":"","format":"standard","meta":{"footnotes":""},"categories":[1],"tags":[],"class_list":["post-2589","post","type-post","status-publish","format-standard","has-post-thumbnail","hentry","category-general"],"_links":{"self":[{"href":"https:\/\/irla.cat\/casairla\/wp-json\/wp\/v2\/posts\/2589","targetHints":{"allow":["GET"]}}],"collection":[{"href":"https:\/\/irla.cat\/casairla\/wp-json\/wp\/v2\/posts"}],"about":[{"href":"https:\/\/irla.cat\/casairla\/wp-json\/wp\/v2\/types\/post"}],"author":[{"embeddable":true,"href":"https:\/\/irla.cat\/casairla\/wp-json\/wp\/v2\/users\/1"}],"replies":[{"embeddable":true,"href":"https:\/\/irla.cat\/casairla\/wp-json\/wp\/v2\/comments?post=2589"}],"version-history":[{"count":6,"href":"https:\/\/irla.cat\/casairla\/wp-json\/wp\/v2\/posts\/2589\/revisions"}],"predecessor-version":[{"id":2598,"href":"https:\/\/irla.cat\/casairla\/wp-json\/wp\/v2\/posts\/2589\/revisions\/2598"}],"wp:featuredmedia":[{"embeddable":true,"href":"https:\/\/irla.cat\/casairla\/wp-json\/wp\/v2\/media\/2590"}],"wp:attachment":[{"href":"https:\/\/irla.cat\/casairla\/wp-json\/wp\/v2\/media?parent=2589"}],"wp:term":[{"taxonomy":"category","embeddable":true,"href":"https:\/\/irla.cat\/casairla\/wp-json\/wp\/v2\/categories?post=2589"},{"taxonomy":"post_tag","embeddable":true,"href":"https:\/\/irla.cat\/casairla\/wp-json\/wp\/v2\/tags?post=2589"}],"curies":[{"name":"wp","href":"https:\/\/api.w.org\/{rel}","templated":true}]}}