{"id":2584,"date":"2025-03-10T12:00:00","date_gmt":"2025-03-10T11:00:00","guid":{"rendered":"https:\/\/irla.cat\/casairla\/?p=2584"},"modified":"2025-03-06T00:58:52","modified_gmt":"2025-03-05T23:58:52","slug":"presentacio-del-llibre-el-llibre-comer-de-cine-de-josep-pont","status":"publish","type":"post","link":"https:\/\/irla.cat\/casairla\/2025\/03\/10\/presentacio-del-llibre-el-llibre-comer-de-cine-de-josep-pont\/","title":{"rendered":"Presentaci\u00f3 del llibre el llibre &#8220;Comer de cine&#8221; de Josep Pont"},"content":{"rendered":"\n<p>Dissabte 15 de mar\u00e7 a les 19 h a la Casa Irla presentem el llibre de Josep Pont que porta per t\u00edtol &#8220;Comer de cine&#8221;.<\/p>\n\n\n\n<p>Prepara\u2019t per submergir-te en un m\u00f3n \u00e8pic, en un viatge cinematogr\u00e0fic compost de dotze pel\u00b7l\u00edcules -grans cl\u00e0ssics la majoria- que canviaran la teva relaci\u00f3 amb el menjar per sempre. Un llibre per a cin\u00e8fils i per a persones que volen cuidar-se i viure en plenitud.\u00a0<\/p>\n\n\n\n<p>Un text personal i autobiogr\u00e0fic on l\u2019autor ens comparteix les seves passions a la gran pantalla i tot el seu coneixement nutricional. Ho fa d\u2019una manera molt original i nova: relaciona cada cinta amb un tema vinculat a l\u2019alimentaci\u00f3 conscient i saludable, proposant-nos pautes i consells pr\u00e0ctics per integrar a la nostra vida i un men\u00fa de \u201cpel\u00b7l\u00edcula\u201d per a cadascuna, per poder-les gaudir en bona companyia.<\/p>\n\n\n\n<p>\u201cComer de cine\u201d \u00e9s un llibre que no deixar\u00e0 ning\u00fa indiferent. Un recorregut per les pel\u00b7l\u00edcules de la nostra vida on aprendr\u00e0s, t\u2019emocionar\u00e0s i podr\u00e0s connectar amb la teva ess\u00e8ncia: amb aquells moments en qu\u00e8 hem estat feli\u00e7os i on tot era possible.<\/p>\n\n\n<div class=\"wp-block-image\">\n<figure class=\"aligncenter size-large\"><a href=\"https:\/\/www.plataformaeditorial.com\/libro\/10451-comer-de-cine?srsltid=AfmBOornUzOKMjr_l2MpuV_DIftQD_tgud0a2jN1-xMfgtzFnC8Gxpuw\" target=\"_blank\" rel=\" noreferrer noopener\"><img loading=\"lazy\" decoding=\"async\" width=\"652\" height=\"1024\" src=\"https:\/\/irla.cat\/casairla\/wp-content\/uploads\/2025\/03\/Comer-de-Cine-652x1024.png\" alt=\"\" class=\"wp-image-2585\" srcset=\"https:\/\/irla.cat\/casairla\/wp-content\/uploads\/2025\/03\/Comer-de-Cine-652x1024.png 652w, https:\/\/irla.cat\/casairla\/wp-content\/uploads\/2025\/03\/Comer-de-Cine-191x300.png 191w, https:\/\/irla.cat\/casairla\/wp-content\/uploads\/2025\/03\/Comer-de-Cine-768x1207.png 768w, https:\/\/irla.cat\/casairla\/wp-content\/uploads\/2025\/03\/Comer-de-Cine-977x1536.png 977w, https:\/\/irla.cat\/casairla\/wp-content\/uploads\/2025\/03\/Comer-de-Cine-1303x2048.png 1303w\" sizes=\"auto, (max-width: 652px) 100vw, 652px\" \/><\/a><\/figure>\n<\/div>\n\n\n<p><\/p>\n","protected":false},"excerpt":{"rendered":"<p>Dissabte 15 de mar\u00e7 a les 19 h a la Casa Irla presentem el llibre de Josep Pont que porta per t\u00edtol &#8220;Comer de cine&#8221;.<\/p>\n","protected":false},"author":1,"featured_media":2586,"comment_status":"closed","ping_status":"closed","sticky":false,"template":"","format":"standard","meta":{"footnotes":""},"categories":[1],"tags":[],"class_list":["post-2584","post","type-post","status-publish","format-standard","has-post-thumbnail","hentry","category-general"],"_links":{"self":[{"href":"https:\/\/irla.cat\/casairla\/wp-json\/wp\/v2\/posts\/2584","targetHints":{"allow":["GET"]}}],"collection":[{"href":"https:\/\/irla.cat\/casairla\/wp-json\/wp\/v2\/posts"}],"about":[{"href":"https:\/\/irla.cat\/casairla\/wp-json\/wp\/v2\/types\/post"}],"author":[{"embeddable":true,"href":"https:\/\/irla.cat\/casairla\/wp-json\/wp\/v2\/users\/1"}],"replies":[{"embeddable":true,"href":"https:\/\/irla.cat\/casairla\/wp-json\/wp\/v2\/comments?post=2584"}],"version-history":[{"count":2,"href":"https:\/\/irla.cat\/casairla\/wp-json\/wp\/v2\/posts\/2584\/revisions"}],"predecessor-version":[{"id":2588,"href":"https:\/\/irla.cat\/casairla\/wp-json\/wp\/v2\/posts\/2584\/revisions\/2588"}],"wp:featuredmedia":[{"embeddable":true,"href":"https:\/\/irla.cat\/casairla\/wp-json\/wp\/v2\/media\/2586"}],"wp:attachment":[{"href":"https:\/\/irla.cat\/casairla\/wp-json\/wp\/v2\/media?parent=2584"}],"wp:term":[{"taxonomy":"category","embeddable":true,"href":"https:\/\/irla.cat\/casairla\/wp-json\/wp\/v2\/categories?post=2584"},{"taxonomy":"post_tag","embeddable":true,"href":"https:\/\/irla.cat\/casairla\/wp-json\/wp\/v2\/tags?post=2584"}],"curies":[{"name":"wp","href":"https:\/\/api.w.org\/{rel}","templated":true}]}}