{"id":258,"date":"2014-04-06T01:40:08","date_gmt":"2014-04-06T00:40:08","guid":{"rendered":"http:\/\/www.irla.cat\/casairla\/?p=258"},"modified":"2017-03-15T01:41:46","modified_gmt":"2017-03-15T00:41:46","slug":"emotiu-homenatge-a-bartomeu-vila","status":"publish","type":"post","link":"https:\/\/irla.cat\/casairla\/2014\/04\/06\/emotiu-homenatge-a-bartomeu-vila\/","title":{"rendered":"Emotiu homenatge a Bartomeu Vil\u00e0"},"content":{"rendered":"<p>El passat dissabte la Casa Irla va ser l&#8217;escenari de la presentaci\u00f3 de la novel\u2022la \u201cL\u2019Atzavara\u201d d\u2019en Bartomeu Vil\u00e0 i Pujol\u00e0.<\/p>\n<p><!--more--><\/p>\n<p>L\u2019acte va ser un emotiu homenatge al seu autor traspassat recentment.<\/p>\n<p>Xavier Sol\u00e0, conegut periodista de la nostra ciutat, va ser l&#8217;encarregat de fer la presentaci\u00f3 de la obra p\u00f2stuma del professor Bartomeu Vil\u00e0. Seguit de l\u2019 intervenci\u00f3 de Montse Carr\u00e9, prologuista de l\u2019obra i tamb\u00e9 antiga alumna. I tot amenitzat per les notes musicals de la Cristina Pujol del grup local d\u2019havaneres \u201cLlops de Mar\u201d. Per a finalitzar totes les persones assistents pogueren fer una copa de cava.<\/p>\n<p>L\u2019acte fou un sentit homenatge i reconeixement a una persona que durant molts anys ha estat mestre de moltes generacions de ganxones i ganxons. Molta gent es va aplegar a la Casa Irla per recordar-lo i poder gaudir d&#8217;aquesta novel\u2022la fins ara in\u00e8dita i que es va posar a la venda per primera vegada aquest dissabte.<\/p>\n","protected":false},"excerpt":{"rendered":"<p>El passat dissabte la Casa Irla va ser l&#8217;escenari de la presentaci\u00f3 de la novel\u2022la \u201cL\u2019Atzavara\u201d d\u2019en Bartomeu Vil\u00e0 i<\/p>\n","protected":false},"author":1,"featured_media":259,"comment_status":"open","ping_status":"open","sticky":false,"template":"template-centered.php","format":"standard","meta":{"footnotes":""},"categories":[1],"tags":[],"class_list":["post-258","post","type-post","status-publish","format-standard","has-post-thumbnail","hentry","category-general"],"_links":{"self":[{"href":"https:\/\/irla.cat\/casairla\/wp-json\/wp\/v2\/posts\/258","targetHints":{"allow":["GET"]}}],"collection":[{"href":"https:\/\/irla.cat\/casairla\/wp-json\/wp\/v2\/posts"}],"about":[{"href":"https:\/\/irla.cat\/casairla\/wp-json\/wp\/v2\/types\/post"}],"author":[{"embeddable":true,"href":"https:\/\/irla.cat\/casairla\/wp-json\/wp\/v2\/users\/1"}],"replies":[{"embeddable":true,"href":"https:\/\/irla.cat\/casairla\/wp-json\/wp\/v2\/comments?post=258"}],"version-history":[{"count":1,"href":"https:\/\/irla.cat\/casairla\/wp-json\/wp\/v2\/posts\/258\/revisions"}],"predecessor-version":[{"id":260,"href":"https:\/\/irla.cat\/casairla\/wp-json\/wp\/v2\/posts\/258\/revisions\/260"}],"wp:featuredmedia":[{"embeddable":true,"href":"https:\/\/irla.cat\/casairla\/wp-json\/wp\/v2\/media\/259"}],"wp:attachment":[{"href":"https:\/\/irla.cat\/casairla\/wp-json\/wp\/v2\/media?parent=258"}],"wp:term":[{"taxonomy":"category","embeddable":true,"href":"https:\/\/irla.cat\/casairla\/wp-json\/wp\/v2\/categories?post=258"},{"taxonomy":"post_tag","embeddable":true,"href":"https:\/\/irla.cat\/casairla\/wp-json\/wp\/v2\/tags?post=258"}],"curies":[{"name":"wp","href":"https:\/\/api.w.org\/{rel}","templated":true}]}}