{"id":2566,"date":"2025-02-03T18:55:40","date_gmt":"2025-02-03T17:55:40","guid":{"rendered":"https:\/\/irla.cat\/casairla\/?p=2566"},"modified":"2025-02-03T18:56:19","modified_gmt":"2025-02-03T17:56:19","slug":"presentacio-del-llibre-atzars-a-lanima-de-jordi-molto","status":"publish","type":"post","link":"https:\/\/irla.cat\/casairla\/2025\/02\/03\/presentacio-del-llibre-atzars-a-lanima-de-jordi-molto\/","title":{"rendered":"Presentaci\u00f3 del llibre\u00a0&#8220;Atzars a l&#8217;\u00e0nima&#8221; de Jordi Molt\u00f3"},"content":{"rendered":"\n<p>Dissabte 8 de febrer a les 19 h presentem a Casa Irla el llibre de poemes &#8220;Atzars a l&#8217;\u00e0nima&#8221; de Jordi Molt\u00f3.<\/p>\n\n\n\n<p>\u201cI, a poc a poc, en totes les coses hi veia poesia, i jo jugava a ser poeta.\u201d<\/p>\n\n\n\n<p>Amb aquesta frase que, al seu interior, presenta el poemari \u201cAtzars a l\u2019\u00e0nima\u201d, l\u2019autor fa irrupci\u00f3 en el m\u00f3n p\u00fablic de la poesia despr\u00e9s d\u2019anys de viure-la, imaginar-la o escriure-la \u201cper consum propi\u201d.<\/p>\n\n\n\n<p>De fet, \u201cAtzars a l\u2019\u00e0nima\u201d consisteix en un recull de poemes de tots els tempos i moments de la vida de l\u2019autor, per\u00f2 no els ordena cronol\u00f2gicament, sin\u00f3 per tem\u00e0tiques, to deixant que el lector que ho desitgi pugui especular sobre l\u2019etapa vital a qu\u00e8 correspon, en cadascun dels poemes que integren l\u2019obra.<\/p>\n\n\n\n<p>Pel que fa a format, diu l\u2019autor: \u201cNo vull ni rima ni m\u00e8trica, vull m\u00fasica, ritme i tempos\u201d, i va construint en formes a voltes an\u00e0rquiques, conjunts de versos que \u201ces llegeixen sols\u201d si se sap interpretar la m\u00fasica del pentagrama po\u00e8tic.<\/p>\n\n\n\n<p>I, per acabar, potser per casualitat, potser perqu\u00e8 s\u00f3n \u201cAtzars a l\u2019\u00e0nima\u201d de l\u2019autor, les tem\u00e0tiques en qu\u00e8 s\u2019agrupen els poemes s\u2019incardinen en els grans temes literaris de les seves obres i novel\u00b7les pr\u00e8vies: els misteris de la connexi\u00f3 amb esferes metaf\u00edsiques, el terror, l\u2019\u00e8pica hist\u00f2rica, l\u2019amor i la llibertat.<\/p>\n\n\n\n<p>En definitiva, una obra amena i de f\u00e0cil lectura que, probablement, convidar\u00e0 a diverses<\/p>\n\n\n\n<p>reflexions perqu\u00e8 projectar\u00e0 sobre el lector tra\u00e7os de la seva pr\u00f2pia \u00e0nima.<\/p>\n\n\n<div class=\"wp-block-image\">\n<figure class=\"aligncenter size-large\"><a href=\"https:\/\/terraignotaediciones.com\" target=\"_blank\" rel=\" noreferrer noopener\"><img loading=\"lazy\" decoding=\"async\" width=\"745\" height=\"1024\" src=\"https:\/\/irla.cat\/casairla\/wp-content\/uploads\/2025\/02\/Atzar-a-lanima-745x1024.jpg\" alt=\"\" class=\"wp-image-2567\" srcset=\"https:\/\/irla.cat\/casairla\/wp-content\/uploads\/2025\/02\/Atzar-a-lanima-745x1024.jpg 745w, https:\/\/irla.cat\/casairla\/wp-content\/uploads\/2025\/02\/Atzar-a-lanima-218x300.jpg 218w, https:\/\/irla.cat\/casairla\/wp-content\/uploads\/2025\/02\/Atzar-a-lanima-768x1056.jpg 768w, https:\/\/irla.cat\/casairla\/wp-content\/uploads\/2025\/02\/Atzar-a-lanima-1117x1536.jpg 1117w, https:\/\/irla.cat\/casairla\/wp-content\/uploads\/2025\/02\/Atzar-a-lanima-1490x2048.jpg 1490w, https:\/\/irla.cat\/casairla\/wp-content\/uploads\/2025\/02\/Atzar-a-lanima-scaled.jpg 1862w\" sizes=\"auto, (max-width: 745px) 100vw, 745px\" \/><\/a><\/figure>\n<\/div>\n\n\n<p><\/p>\n","protected":false},"excerpt":{"rendered":"<p>Dissabte 8 de febrer a les 19 h presentem a Casa Irla el llibre de poemes &#8220;Atzars a l&#8217;\u00e0nima&#8221; de Jordi Molt\u00f3.<\/p>\n","protected":false},"author":1,"featured_media":2568,"comment_status":"closed","ping_status":"closed","sticky":false,"template":"","format":"standard","meta":{"footnotes":""},"categories":[1],"tags":[],"class_list":["post-2566","post","type-post","status-publish","format-standard","has-post-thumbnail","hentry","category-general"],"_links":{"self":[{"href":"https:\/\/irla.cat\/casairla\/wp-json\/wp\/v2\/posts\/2566","targetHints":{"allow":["GET"]}}],"collection":[{"href":"https:\/\/irla.cat\/casairla\/wp-json\/wp\/v2\/posts"}],"about":[{"href":"https:\/\/irla.cat\/casairla\/wp-json\/wp\/v2\/types\/post"}],"author":[{"embeddable":true,"href":"https:\/\/irla.cat\/casairla\/wp-json\/wp\/v2\/users\/1"}],"replies":[{"embeddable":true,"href":"https:\/\/irla.cat\/casairla\/wp-json\/wp\/v2\/comments?post=2566"}],"version-history":[{"count":2,"href":"https:\/\/irla.cat\/casairla\/wp-json\/wp\/v2\/posts\/2566\/revisions"}],"predecessor-version":[{"id":2570,"href":"https:\/\/irla.cat\/casairla\/wp-json\/wp\/v2\/posts\/2566\/revisions\/2570"}],"wp:featuredmedia":[{"embeddable":true,"href":"https:\/\/irla.cat\/casairla\/wp-json\/wp\/v2\/media\/2568"}],"wp:attachment":[{"href":"https:\/\/irla.cat\/casairla\/wp-json\/wp\/v2\/media?parent=2566"}],"wp:term":[{"taxonomy":"category","embeddable":true,"href":"https:\/\/irla.cat\/casairla\/wp-json\/wp\/v2\/categories?post=2566"},{"taxonomy":"post_tag","embeddable":true,"href":"https:\/\/irla.cat\/casairla\/wp-json\/wp\/v2\/tags?post=2566"}],"curies":[{"name":"wp","href":"https:\/\/api.w.org\/{rel}","templated":true}]}}