{"id":2563,"date":"2025-01-29T17:16:26","date_gmt":"2025-01-29T16:16:26","guid":{"rendered":"https:\/\/irla.cat\/casairla\/?p=2563"},"modified":"2025-02-03T18:57:00","modified_gmt":"2025-02-03T17:57:00","slug":"que-han-de-fer-els-ajuntaments-per-promocionar-el-catala","status":"publish","type":"post","link":"https:\/\/irla.cat\/casairla\/2025\/01\/29\/que-han-de-fer-els-ajuntaments-per-promocionar-el-catala\/","title":{"rendered":"Qu\u00e8 han de fer els ajuntaments per promocionar el catal\u00e0?"},"content":{"rendered":"\n<p>Divendres 31 de gener a les 19 h confer\u00e8ncia de Toni Strubell i Mireia Plana Qu\u00e8 han de fer els ajuntaments com &#8211; Sant Feliu de Gu\u00edxols &#8211; per promocionar el catal\u00e0.<\/p>\n\n\n\n<p>Davant la greu crisi en l\u2019\u00fas social del catal\u00e0 diversos experts han assenyalat els ajuntaments com una instituci\u00f3 que podria fer -i ha de fer- molta m\u00e9s feina proactiva en la promoci\u00f3 del catal\u00e0.<\/p>\n\n\n\n<p>En l&#8217;acte del 31 de gener, Mireia Plana de Plataforma per la Llengua i Toni Strubell, Secretari Nacional de l\u2019Assemblea Nacional, apuntaran idees per activar i orientar aquesta vital tasca dels ajuntaments.<\/p>\n\n\n\n<p><\/p>\n","protected":false},"excerpt":{"rendered":"<p>Divendres 31 de gener a les 19 h confer\u00e8ncia de Toni Strubell i Mireia Plana Qu\u00e8 han de fer els ajuntaments per promocionar el catal\u00e0.<\/p>\n","protected":false},"author":1,"featured_media":2564,"comment_status":"closed","ping_status":"closed","sticky":false,"template":"","format":"standard","meta":{"footnotes":""},"categories":[1],"tags":[],"class_list":["post-2563","post","type-post","status-publish","format-standard","has-post-thumbnail","hentry","category-general"],"_links":{"self":[{"href":"https:\/\/irla.cat\/casairla\/wp-json\/wp\/v2\/posts\/2563","targetHints":{"allow":["GET"]}}],"collection":[{"href":"https:\/\/irla.cat\/casairla\/wp-json\/wp\/v2\/posts"}],"about":[{"href":"https:\/\/irla.cat\/casairla\/wp-json\/wp\/v2\/types\/post"}],"author":[{"embeddable":true,"href":"https:\/\/irla.cat\/casairla\/wp-json\/wp\/v2\/users\/1"}],"replies":[{"embeddable":true,"href":"https:\/\/irla.cat\/casairla\/wp-json\/wp\/v2\/comments?post=2563"}],"version-history":[{"count":2,"href":"https:\/\/irla.cat\/casairla\/wp-json\/wp\/v2\/posts\/2563\/revisions"}],"predecessor-version":[{"id":2571,"href":"https:\/\/irla.cat\/casairla\/wp-json\/wp\/v2\/posts\/2563\/revisions\/2571"}],"wp:featuredmedia":[{"embeddable":true,"href":"https:\/\/irla.cat\/casairla\/wp-json\/wp\/v2\/media\/2564"}],"wp:attachment":[{"href":"https:\/\/irla.cat\/casairla\/wp-json\/wp\/v2\/media?parent=2563"}],"wp:term":[{"taxonomy":"category","embeddable":true,"href":"https:\/\/irla.cat\/casairla\/wp-json\/wp\/v2\/categories?post=2563"},{"taxonomy":"post_tag","embeddable":true,"href":"https:\/\/irla.cat\/casairla\/wp-json\/wp\/v2\/tags?post=2563"}],"curies":[{"name":"wp","href":"https:\/\/api.w.org\/{rel}","templated":true}]}}