{"id":2558,"date":"2025-01-20T09:17:27","date_gmt":"2025-01-20T08:17:27","guid":{"rendered":"https:\/\/irla.cat\/casairla\/?p=2558"},"modified":"2025-01-13T09:24:27","modified_gmt":"2025-01-13T08:24:27","slug":"correspondencia-clandestina-de-josep-turon-mir-291-dies-davant-de-la-mort-cartes-de-de-la-preso-de-girona-1940","status":"publish","type":"post","link":"https:\/\/irla.cat\/casairla\/2025\/01\/20\/correspondencia-clandestina-de-josep-turon-mir-291-dies-davant-de-la-mort-cartes-de-de-la-preso-de-girona-1940\/","title":{"rendered":"Correspond\u00e8ncia clandestina de Josep Turon Mir. 291 dies davant de la mort, cartes de de la pres\u00f3 de Girona (1940)"},"content":{"rendered":"\n<p>Dissabte 25 de gener a les 19 h presentaci\u00f3 del llibre &#8220;Correspond\u00e8ncia clandestina de Josep Turon Mir. 291 dies davant de la mort, cartes de de la pres\u00f3 de Girona (1940)&#8221; de Josep Casadell\u00e0 i Turon.<\/p>\n\n\n\n<p>\u201cCorrespond\u00e8ncia clandestina\u201d omple un buit en la hist\u00f2ria de Santa Coloma i per extensi\u00f3 la de tot el pa\u00eds. Els protagonistes s\u00f3n dos colomencs, republicans i represaliats per r\u00e8gim franquista nascut de la Guerra Civil.<\/p>\n\n\n\n<p>Les seves cartes i \u201cradios\u201d (petites notes enrotllades) han quedat com a testimoni de la maquin\u00e0ria repressiva imposada des de la postguerra i viscuda des del perill de perdre el b\u00e9 m\u00e9s preuat, la vida. Els fets es poden traslladar als milers de republicans que la van patir.<\/p>\n\n\n\n<p>Publicar les cartes \u00e9s en definitiva un exercici necessari de recuperaci\u00f3 de la mem\u00f2ria hist\u00f2rica que com a societat hem de fer.<\/p>\n\n\n\n<p>Presentar\u00e0 l&#8217;acte la Sra. Pilar Franc\u00e8s.<\/p>\n\n\n<div class=\"wp-block-image\">\n<figure class=\"aligncenter size-full\"><a href=\"https:\/\/www.muntanyadellibres.com\/cat\/libro\/correspondencia-clandestina_75950\" target=\"_blank\" rel=\" noreferrer noopener\"><img loading=\"lazy\" decoding=\"async\" width=\"454\" height=\"666\" src=\"https:\/\/irla.cat\/casairla\/wp-content\/uploads\/2025\/01\/Josep-Casadella-portada.jpg\" alt=\"\" class=\"wp-image-2560\" srcset=\"https:\/\/irla.cat\/casairla\/wp-content\/uploads\/2025\/01\/Josep-Casadella-portada.jpg 454w, https:\/\/irla.cat\/casairla\/wp-content\/uploads\/2025\/01\/Josep-Casadella-portada-205x300.jpg 205w\" sizes=\"auto, (max-width: 454px) 100vw, 454px\" \/><\/a><\/figure>\n<\/div>","protected":false},"excerpt":{"rendered":"<p>Dissabte 25 de gener a les 19 h presentaci\u00f3 del llibre &#8220;Correspond\u00e8ncia clandestina de Josep Turon Mir&#8221;.<\/p>\n","protected":false},"author":1,"featured_media":2559,"comment_status":"closed","ping_status":"closed","sticky":false,"template":"","format":"standard","meta":{"footnotes":""},"categories":[1],"tags":[],"class_list":["post-2558","post","type-post","status-publish","format-standard","has-post-thumbnail","hentry","category-general"],"_links":{"self":[{"href":"https:\/\/irla.cat\/casairla\/wp-json\/wp\/v2\/posts\/2558","targetHints":{"allow":["GET"]}}],"collection":[{"href":"https:\/\/irla.cat\/casairla\/wp-json\/wp\/v2\/posts"}],"about":[{"href":"https:\/\/irla.cat\/casairla\/wp-json\/wp\/v2\/types\/post"}],"author":[{"embeddable":true,"href":"https:\/\/irla.cat\/casairla\/wp-json\/wp\/v2\/users\/1"}],"replies":[{"embeddable":true,"href":"https:\/\/irla.cat\/casairla\/wp-json\/wp\/v2\/comments?post=2558"}],"version-history":[{"count":1,"href":"https:\/\/irla.cat\/casairla\/wp-json\/wp\/v2\/posts\/2558\/revisions"}],"predecessor-version":[{"id":2561,"href":"https:\/\/irla.cat\/casairla\/wp-json\/wp\/v2\/posts\/2558\/revisions\/2561"}],"wp:featuredmedia":[{"embeddable":true,"href":"https:\/\/irla.cat\/casairla\/wp-json\/wp\/v2\/media\/2559"}],"wp:attachment":[{"href":"https:\/\/irla.cat\/casairla\/wp-json\/wp\/v2\/media?parent=2558"}],"wp:term":[{"taxonomy":"category","embeddable":true,"href":"https:\/\/irla.cat\/casairla\/wp-json\/wp\/v2\/categories?post=2558"},{"taxonomy":"post_tag","embeddable":true,"href":"https:\/\/irla.cat\/casairla\/wp-json\/wp\/v2\/tags?post=2558"}],"curies":[{"name":"wp","href":"https:\/\/api.w.org\/{rel}","templated":true}]}}