{"id":2555,"date":"2025-01-08T11:05:31","date_gmt":"2025-01-08T10:05:31","guid":{"rendered":"https:\/\/irla.cat\/casairla\/?p=2555"},"modified":"2025-01-08T11:05:31","modified_gmt":"2025-01-08T10:05:31","slug":"dissabte-18-de-gener-inauguracio-de-lexposicio-dones-daigua","status":"publish","type":"post","link":"https:\/\/irla.cat\/casairla\/2025\/01\/08\/dissabte-18-de-gener-inauguracio-de-lexposicio-dones-daigua\/","title":{"rendered":"Dissabte 18 de gener inauguraci\u00f3 de l&#8217;exposici\u00f3\u00a0&#8220;Dones d&#8217;aigua&#8221;"},"content":{"rendered":"\n<p>L&#8217;exposici\u00f3 d&#8217;Iratxe Ca\u00f1o, Cristina Geremias, Dolors Gras i Catalina Salazar s&#8217;inaugurar\u00e0 el dissabte 18 de gener a les 19 h a la Casa Irla.<\/p>\n\n\n\n<p>Som cos i ment, soma i psique, carn i esperit. Mat\u00e8ries de creaci\u00f3. Dones. Estem fetes de textures, colors, transpar\u00e8ncies, reflexos compartits, llums i ombres, buit i plenitud.<\/p>\n\n\n\n<p>Aigua en moviment que de vegades es desborda i creix com un torrent; que embolica i dona horitz\u00f3 com el mar, que acompanya en el seu fluir de vida com el riu; que, encara que sigui en la forma de quietud d\u2019un llac, o d\u2019un ef\u00edmer i humil toll, guarda dins seu misteris i promeses que conviden a seguir.<\/p>\n\n\n\n<p>Som quatre dones, artistes i companyes, confluint com les aig\u00fces&#8230;<br><\/p>\n","protected":false},"excerpt":{"rendered":"<p>L&#8217;exposici\u00f3 d&#8217;Iratxe Ca\u00f1o, Cristina Geremias, Dolors Gras i Catalina Salazar s&#8217;inaugurar\u00e0 el dissabte 18 de gener a les 19 h a la Casa Irla.<\/p>\n","protected":false},"author":1,"featured_media":2556,"comment_status":"closed","ping_status":"closed","sticky":false,"template":"","format":"standard","meta":{"footnotes":""},"categories":[1],"tags":[],"class_list":["post-2555","post","type-post","status-publish","format-standard","has-post-thumbnail","hentry","category-general"],"_links":{"self":[{"href":"https:\/\/irla.cat\/casairla\/wp-json\/wp\/v2\/posts\/2555","targetHints":{"allow":["GET"]}}],"collection":[{"href":"https:\/\/irla.cat\/casairla\/wp-json\/wp\/v2\/posts"}],"about":[{"href":"https:\/\/irla.cat\/casairla\/wp-json\/wp\/v2\/types\/post"}],"author":[{"embeddable":true,"href":"https:\/\/irla.cat\/casairla\/wp-json\/wp\/v2\/users\/1"}],"replies":[{"embeddable":true,"href":"https:\/\/irla.cat\/casairla\/wp-json\/wp\/v2\/comments?post=2555"}],"version-history":[{"count":1,"href":"https:\/\/irla.cat\/casairla\/wp-json\/wp\/v2\/posts\/2555\/revisions"}],"predecessor-version":[{"id":2557,"href":"https:\/\/irla.cat\/casairla\/wp-json\/wp\/v2\/posts\/2555\/revisions\/2557"}],"wp:featuredmedia":[{"embeddable":true,"href":"https:\/\/irla.cat\/casairla\/wp-json\/wp\/v2\/media\/2556"}],"wp:attachment":[{"href":"https:\/\/irla.cat\/casairla\/wp-json\/wp\/v2\/media?parent=2555"}],"wp:term":[{"taxonomy":"category","embeddable":true,"href":"https:\/\/irla.cat\/casairla\/wp-json\/wp\/v2\/categories?post=2555"},{"taxonomy":"post_tag","embeddable":true,"href":"https:\/\/irla.cat\/casairla\/wp-json\/wp\/v2\/tags?post=2555"}],"curies":[{"name":"wp","href":"https:\/\/api.w.org\/{rel}","templated":true}]}}