{"id":255,"date":"2014-03-30T01:38:21","date_gmt":"2014-03-30T00:38:21","guid":{"rendered":"http:\/\/www.irla.cat\/casairla\/?p=255"},"modified":"2017-03-15T01:39:39","modified_gmt":"2017-03-15T00:39:39","slug":"latzavara-de-bartomeu-vila","status":"publish","type":"post","link":"https:\/\/irla.cat\/casairla\/2014\/03\/30\/latzavara-de-bartomeu-vila\/","title":{"rendered":"L&#8217;Atzavara, de Bartomeu Vil\u00e0"},"content":{"rendered":"<p>Aquest proper dissabte 5 d&#8217;abril de 2014 a les 19h a la Casa Irla tenim el plaer d\u2019oferir-vos la presentaci\u00f3 del llibre de Bartomeu Vil\u00e0: L\u2019atzavara.<!--more--><br \/>\nDespr\u00e9s d\u2019haver-nos deixat no fa massa setmanes el millor record i homenatge a en Barto \u00e9s sens dubte llegir i gaudir de la seva novel\u00b7la, on es mostra l\u2019estimaci\u00f3 que ell sentia per la seva ciutat i sobretot pel seu paisatge.<\/p>\n<p>Gaudir dels espais naturals que ens envolten, dels penya-segats, dels temporals i cops de garb\u00ed, de les atzavares creixen en un desordre natural&#8230;<\/p>\n<p>La for\u00e7a de la natura \u00e9s la veritable protagonista d\u2019aquesta narraci\u00f3. A m\u00e9s, en les seves l\u00ednies hi trobem el record d\u2019una manera de fer i de viure\u00a0 que de ben segur ha anat forjant el tarann\u00e0 de ganxons i ganxones.<\/p>\n","protected":false},"excerpt":{"rendered":"<p>Aquest proper dissabte 5 d&#8217;abril de 2014 a les 19h a la Casa Irla tenim el plaer d\u2019oferir-vos la presentaci\u00f3<\/p>\n","protected":false},"author":1,"featured_media":256,"comment_status":"open","ping_status":"open","sticky":false,"template":"template-centered.php","format":"standard","meta":{"footnotes":""},"categories":[1],"tags":[],"class_list":["post-255","post","type-post","status-publish","format-standard","has-post-thumbnail","hentry","category-general"],"_links":{"self":[{"href":"https:\/\/irla.cat\/casairla\/wp-json\/wp\/v2\/posts\/255","targetHints":{"allow":["GET"]}}],"collection":[{"href":"https:\/\/irla.cat\/casairla\/wp-json\/wp\/v2\/posts"}],"about":[{"href":"https:\/\/irla.cat\/casairla\/wp-json\/wp\/v2\/types\/post"}],"author":[{"embeddable":true,"href":"https:\/\/irla.cat\/casairla\/wp-json\/wp\/v2\/users\/1"}],"replies":[{"embeddable":true,"href":"https:\/\/irla.cat\/casairla\/wp-json\/wp\/v2\/comments?post=255"}],"version-history":[{"count":1,"href":"https:\/\/irla.cat\/casairla\/wp-json\/wp\/v2\/posts\/255\/revisions"}],"predecessor-version":[{"id":257,"href":"https:\/\/irla.cat\/casairla\/wp-json\/wp\/v2\/posts\/255\/revisions\/257"}],"wp:featuredmedia":[{"embeddable":true,"href":"https:\/\/irla.cat\/casairla\/wp-json\/wp\/v2\/media\/256"}],"wp:attachment":[{"href":"https:\/\/irla.cat\/casairla\/wp-json\/wp\/v2\/media?parent=255"}],"wp:term":[{"taxonomy":"category","embeddable":true,"href":"https:\/\/irla.cat\/casairla\/wp-json\/wp\/v2\/categories?post=255"},{"taxonomy":"post_tag","embeddable":true,"href":"https:\/\/irla.cat\/casairla\/wp-json\/wp\/v2\/tags?post=255"}],"curies":[{"name":"wp","href":"https:\/\/api.w.org\/{rel}","templated":true}]}}