{"id":252,"date":"2014-03-30T01:35:41","date_gmt":"2014-03-30T00:35:41","guid":{"rendered":"http:\/\/www.irla.cat\/casairla\/?p=252"},"modified":"2017-03-15T01:38:04","modified_gmt":"2017-03-15T00:38:04","slug":"jaume-sobreques-el-poble-de-catalunya-te-illusio-per-la-independencia","status":"publish","type":"post","link":"https:\/\/irla.cat\/casairla\/2014\/03\/30\/jaume-sobreques-el-poble-de-catalunya-te-illusio-per-la-independencia\/","title":{"rendered":"Jaume Sobrequ\u00e9s: &#8220;el poble de Catalunya t\u00e9 il\u00b7lusi\u00f3 per la independ\u00e8ncia&#8221;"},"content":{"rendered":"<p>Jaume Sobrequ\u00e9s va ser dissabte passat a la Casa Irla dins del marc de confer\u00e8ncies &#8220;El pa\u00eds que volem&#8221;.<\/p>\n<p><!--more--><\/p>\n<p>Les confer\u00e8ncies estan organitzades conjuntament amb l&#8217;Assemblea Nacional Catalana de Gu\u00edxols.<\/p>\n<p>Sobrequ\u00e9s va qualificar d&#8217;extraordinari el proc\u00e9s que est\u00e0 vivint Catalunya i que mai com ara s&#8217;havia viscut una explosi\u00f3 col\u00b7lectiva d&#8217;il\u00b7lusi\u00f3 per esdevenir un pa\u00eds independent.<\/p>\n<p>Sobrequ\u00e9s va ser del director del simposi &#8220;Espanya contra Catalunya&#8221; on es va analitzar de manera cient\u00edfica i rigurosa la viol\u00e8ncia que ha exercit l&#8217;estat espanyol vers el nostre pa\u00eds.<\/p>\n<p>Afirma l&#8217;historiador Catalunya vol recuperar la dignitat que ens va ser arrabassada per la for\u00e7a de les armes.<\/p>\n<p>&nbsp;<\/p>\n","protected":false},"excerpt":{"rendered":"<p>Jaume Sobrequ\u00e9s va ser dissabte passat a la Casa Irla dins del marc de confer\u00e8ncies &#8220;El pa\u00eds que volem&#8221;.<\/p>\n","protected":false},"author":1,"featured_media":253,"comment_status":"open","ping_status":"open","sticky":false,"template":"","format":"standard","meta":{"footnotes":""},"categories":[1],"tags":[],"class_list":["post-252","post","type-post","status-publish","format-standard","has-post-thumbnail","hentry","category-general"],"_links":{"self":[{"href":"https:\/\/irla.cat\/casairla\/wp-json\/wp\/v2\/posts\/252","targetHints":{"allow":["GET"]}}],"collection":[{"href":"https:\/\/irla.cat\/casairla\/wp-json\/wp\/v2\/posts"}],"about":[{"href":"https:\/\/irla.cat\/casairla\/wp-json\/wp\/v2\/types\/post"}],"author":[{"embeddable":true,"href":"https:\/\/irla.cat\/casairla\/wp-json\/wp\/v2\/users\/1"}],"replies":[{"embeddable":true,"href":"https:\/\/irla.cat\/casairla\/wp-json\/wp\/v2\/comments?post=252"}],"version-history":[{"count":1,"href":"https:\/\/irla.cat\/casairla\/wp-json\/wp\/v2\/posts\/252\/revisions"}],"predecessor-version":[{"id":254,"href":"https:\/\/irla.cat\/casairla\/wp-json\/wp\/v2\/posts\/252\/revisions\/254"}],"wp:featuredmedia":[{"embeddable":true,"href":"https:\/\/irla.cat\/casairla\/wp-json\/wp\/v2\/media\/253"}],"wp:attachment":[{"href":"https:\/\/irla.cat\/casairla\/wp-json\/wp\/v2\/media?parent=252"}],"wp:term":[{"taxonomy":"category","embeddable":true,"href":"https:\/\/irla.cat\/casairla\/wp-json\/wp\/v2\/categories?post=252"},{"taxonomy":"post_tag","embeddable":true,"href":"https:\/\/irla.cat\/casairla\/wp-json\/wp\/v2\/tags?post=252"}],"curies":[{"name":"wp","href":"https:\/\/api.w.org\/{rel}","templated":true}]}}