{"id":2518,"date":"2024-11-27T10:32:35","date_gmt":"2024-11-27T09:32:35","guid":{"rendered":"https:\/\/irla.cat\/casairla\/?p=2518"},"modified":"2024-11-27T10:32:35","modified_gmt":"2024-11-27T09:32:35","slug":"presentacio-del-llibre-aprendre-a-esquivar-les-bales-de-xavi-coral","status":"publish","type":"post","link":"https:\/\/irla.cat\/casairla\/2024\/11\/27\/presentacio-del-llibre-aprendre-a-esquivar-les-bales-de-xavi-coral\/","title":{"rendered":"Presentaci\u00f3 del llibre &#8220;Aprendre a esquivar les bales&#8221; de Xavi Coral"},"content":{"rendered":"\n<p>Dissabte 30 de novembre a les 19:00 h presentaci\u00f3 del llibre &#8220;Aprendre a esquivar les bales&#8221; de Xavi Coral i Trull\u00e0s.<\/p>\n\n\n\n<p>Una novel\u00b7la que neix de l&#8217;obsessi\u00f3 d&#8217;un jove tinent republic\u00e0 per no oblidar els horrors d&#8217;una guerra.<\/p>\n\n\n\n<p>&#8220;El meu avi representa a tants d&#8217;altres soldats que no van poder tornar de la guerra i explicar la seva historia&#8221;.<\/p>\n\n\n\n<p>Amb l&#8217;inici de la Guerra Civil, Josep Trull\u00e0s decideix allistar-se voluntari a defensar la Rep\u00fablica, deixant a Terrassa la fam\u00edlia i un futur prometedor. La seva es la historia de la derrota de l&#8217;exercit republic\u00e0, que viur\u00e0 en primera persona a cada batalla, a cada front. Des de l&#8217;Arag\u00f3, passant per la batalla de l&#8217;Ebre, fins a les platges de Sant Cebri\u00e0, i una dura i llarga postguerra que es convertir\u00e0 en un infern encara mes cruel que la propia guerra.<\/p>\n\n\n\n<p>Aquest relat es tambe el comprom\u00eds amb l&#8217;amor que nomes arriba per carta, la for\u00e7a de l&#8217;amistat forjada al camp de batalla i el desafiament a la mort que assetja a cada pas. Sentiments que es viuen amb la intensitat d&#8217;un temps afegit que s&#8217;acaba, on nomes sobreviur\u00e0 qui aprengui a esquivar les bales. La guerra la fan persones anonimes, amb vides normals que es veuen abocades a fites extraordin\u00e0ries.<\/p>\n\n\n\n<p>Presenta l&#8217;acte Pilar Franc\u00e8s<\/p>\n\n\n<div class=\"wp-block-image\">\n<figure class=\"aligncenter size-large\"><a href=\"https:\/\/www.penguinllibres.com\/tematiques\/340388-libro-aprendre-a-esquivar-les-bales-9788419245434\" target=\"_blank\" rel=\"noreferrer noopener\"><img loading=\"lazy\" decoding=\"async\" width=\"671\" height=\"1024\" src=\"https:\/\/irla.cat\/casairla\/wp-content\/uploads\/2024\/11\/Aprendre-a-esquivar-les-bales-671x1024.png\" alt=\"\" class=\"wp-image-2519\" srcset=\"https:\/\/irla.cat\/casairla\/wp-content\/uploads\/2024\/11\/Aprendre-a-esquivar-les-bales-671x1024.png 671w, https:\/\/irla.cat\/casairla\/wp-content\/uploads\/2024\/11\/Aprendre-a-esquivar-les-bales-196x300.png 196w, https:\/\/irla.cat\/casairla\/wp-content\/uploads\/2024\/11\/Aprendre-a-esquivar-les-bales-768x1173.png 768w, https:\/\/irla.cat\/casairla\/wp-content\/uploads\/2024\/11\/Aprendre-a-esquivar-les-bales-1006x1536.png 1006w, https:\/\/irla.cat\/casairla\/wp-content\/uploads\/2024\/11\/Aprendre-a-esquivar-les-bales-1341x2048.png 1341w, https:\/\/irla.cat\/casairla\/wp-content\/uploads\/2024\/11\/Aprendre-a-esquivar-les-bales.png 2000w\" sizes=\"auto, (max-width: 671px) 100vw, 671px\" \/><\/a><\/figure>\n<\/div>\n\n\n<p><\/p>\n","protected":false},"excerpt":{"rendered":"<p>Dissabte 30 de novembre a les 19:00 h presentaci\u00f3 del llibre &#8220;Aprendre a esquivar les bales&#8221; de Xavi Coral i Trull\u00e0s.<\/p>\n","protected":false},"author":1,"featured_media":2520,"comment_status":"closed","ping_status":"closed","sticky":false,"template":"","format":"standard","meta":{"footnotes":""},"categories":[1],"tags":[],"class_list":["post-2518","post","type-post","status-publish","format-standard","has-post-thumbnail","hentry","category-general"],"_links":{"self":[{"href":"https:\/\/irla.cat\/casairla\/wp-json\/wp\/v2\/posts\/2518","targetHints":{"allow":["GET"]}}],"collection":[{"href":"https:\/\/irla.cat\/casairla\/wp-json\/wp\/v2\/posts"}],"about":[{"href":"https:\/\/irla.cat\/casairla\/wp-json\/wp\/v2\/types\/post"}],"author":[{"embeddable":true,"href":"https:\/\/irla.cat\/casairla\/wp-json\/wp\/v2\/users\/1"}],"replies":[{"embeddable":true,"href":"https:\/\/irla.cat\/casairla\/wp-json\/wp\/v2\/comments?post=2518"}],"version-history":[{"count":1,"href":"https:\/\/irla.cat\/casairla\/wp-json\/wp\/v2\/posts\/2518\/revisions"}],"predecessor-version":[{"id":2521,"href":"https:\/\/irla.cat\/casairla\/wp-json\/wp\/v2\/posts\/2518\/revisions\/2521"}],"wp:featuredmedia":[{"embeddable":true,"href":"https:\/\/irla.cat\/casairla\/wp-json\/wp\/v2\/media\/2520"}],"wp:attachment":[{"href":"https:\/\/irla.cat\/casairla\/wp-json\/wp\/v2\/media?parent=2518"}],"wp:term":[{"taxonomy":"category","embeddable":true,"href":"https:\/\/irla.cat\/casairla\/wp-json\/wp\/v2\/categories?post=2518"},{"taxonomy":"post_tag","embeddable":true,"href":"https:\/\/irla.cat\/casairla\/wp-json\/wp\/v2\/tags?post=2518"}],"curies":[{"name":"wp","href":"https:\/\/api.w.org\/{rel}","templated":true}]}}