{"id":2513,"date":"2024-11-27T10:28:15","date_gmt":"2024-11-27T09:28:15","guid":{"rendered":"https:\/\/irla.cat\/casairla\/?p=2513"},"modified":"2024-11-27T10:28:15","modified_gmt":"2024-11-27T09:28:15","slug":"dijous-28-de-novembre-concert-punk-acustic-ambdaltabaix","status":"publish","type":"post","link":"https:\/\/irla.cat\/casairla\/2024\/11\/27\/dijous-28-de-novembre-concert-punk-acustic-ambdaltabaix\/","title":{"rendered":"Dijous 28 de novembre concert Punk ac\u00fastic amb&#8221;Daltabaix&#8221;"},"content":{"rendered":"\n<p>Dijous 28 de novembre a les 21:00 h a la Casa Irla concert de punk en ac\u00fastic amb l&#8217;actuaci\u00f3 del grup &#8220;Daltabaix&#8221;.<\/p>\n\n\n\n<p><br><a href=\"https:\/\/discospinya.bandcamp.com\/album\/per-no-cremar-ho-tot\">Daltabaix<\/a> ha nascut 10 anys tard, per\u00f2 tamb\u00e9 ha nascut quan havia de fer-ho. En Xavi Garcia i en Ramon Mas (Matagalls, Les Cruet, FP, Surfing Sirles, Zeidun\u2026) portaven anys donant voltes a fer un duet que els permet\u00e9s anar de gira en cotxe i dormir al seient del darrere. Daltabaix \u00e9s un banda de folkpunk que va a l\u2019arrel de les can\u00e7ons, guitarra ac\u00fastica i dues veus plorant a crits, sense floritures, sense solos ni estribillos que es repeteixin fins a l\u2019avorriment.<\/p>\n\n\n\n<p>Can\u00e7ons de minut i mig a dalt de tot, lentes o r\u00e0pides, tristes o trist\u00edssimes, sempre a dalt de tot. Com a l\u2019\u201dAcoustic E.P.\u201d d\u2019Against Me!, el disc que els ho va canviar tot, o com als millors moments de HappyHappy o Pat the Bunny.<\/p>\n\n\n\n<p>Tot plegat portat al seu propi terreny d\u2019incerteses i melancolia rabiosa, un univers mel\u00f2dic i conceptual que \u00e9s una continuaci\u00f3 i una concreci\u00f3 del que ja hav\u00edem sentit a FP i, sobretot, a Matagalls.<\/p>\n\n\n\n<p>\u201cPer no cremar-ho tot\u201d \u00e9s el primer disc de Daltabaix, gravat per en Joan Colomo i mesclat i masteritzat per en Joan Peiron a l\u2019Orella Escap\u00e7ada. Un disc que s\u2019enlaira a base de coros i sent\u00e8ncies \u00edntimes, una proposta lo-fi amb un producci\u00f3 d\u2019una pulcritud inesperada.<\/p>\n\n\n\n<p>Entrada lliure i gratu\u00efta.<\/p>\n\n\n\n<p><\/p>\n","protected":false},"excerpt":{"rendered":"<p>Dijous 28 de novembre a les 21:00 h a la Casa Irla concert de punk en ac\u00fastic amb l&#8217;actuaci\u00f3 del grup &#8220;Daltabaix&#8221;.<\/p>\n","protected":false},"author":1,"featured_media":2516,"comment_status":"closed","ping_status":"closed","sticky":false,"template":"","format":"standard","meta":{"footnotes":""},"categories":[1],"tags":[],"class_list":["post-2513","post","type-post","status-publish","format-standard","has-post-thumbnail","hentry","category-general"],"_links":{"self":[{"href":"https:\/\/irla.cat\/casairla\/wp-json\/wp\/v2\/posts\/2513","targetHints":{"allow":["GET"]}}],"collection":[{"href":"https:\/\/irla.cat\/casairla\/wp-json\/wp\/v2\/posts"}],"about":[{"href":"https:\/\/irla.cat\/casairla\/wp-json\/wp\/v2\/types\/post"}],"author":[{"embeddable":true,"href":"https:\/\/irla.cat\/casairla\/wp-json\/wp\/v2\/users\/1"}],"replies":[{"embeddable":true,"href":"https:\/\/irla.cat\/casairla\/wp-json\/wp\/v2\/comments?post=2513"}],"version-history":[{"count":2,"href":"https:\/\/irla.cat\/casairla\/wp-json\/wp\/v2\/posts\/2513\/revisions"}],"predecessor-version":[{"id":2517,"href":"https:\/\/irla.cat\/casairla\/wp-json\/wp\/v2\/posts\/2513\/revisions\/2517"}],"wp:featuredmedia":[{"embeddable":true,"href":"https:\/\/irla.cat\/casairla\/wp-json\/wp\/v2\/media\/2516"}],"wp:attachment":[{"href":"https:\/\/irla.cat\/casairla\/wp-json\/wp\/v2\/media?parent=2513"}],"wp:term":[{"taxonomy":"category","embeddable":true,"href":"https:\/\/irla.cat\/casairla\/wp-json\/wp\/v2\/categories?post=2513"},{"taxonomy":"post_tag","embeddable":true,"href":"https:\/\/irla.cat\/casairla\/wp-json\/wp\/v2\/tags?post=2513"}],"curies":[{"name":"wp","href":"https:\/\/api.w.org\/{rel}","templated":true}]}}