{"id":2504,"date":"2024-11-13T08:00:00","date_gmt":"2024-11-13T07:00:00","guid":{"rendered":"https:\/\/irla.cat\/casairla\/?p=2504"},"modified":"2024-11-12T07:16:54","modified_gmt":"2024-11-12T06:16:54","slug":"diumenge-17-de-novembre-concert-amb-jordi-molto-i-pep-bergada","status":"publish","type":"post","link":"https:\/\/irla.cat\/casairla\/2024\/11\/13\/diumenge-17-de-novembre-concert-amb-jordi-molto-i-pep-bergada\/","title":{"rendered":"Diumenge 17 de novembre concert amb Jordi Molt\u00f3 i Pep Bergad\u00e0"},"content":{"rendered":"\n<p>Diumenge 17 de novembre a partir de les 12:30 h concert amb la m\u00fasica d&#8217;autor i cl\u00e0ssics dels 60 amb Jordi Molt\u00f3 o Pep Bergad\u00e1.<\/p>\n\n\n\n<p>Entrada lliure<\/p>\n\n\n\n<p><\/p>\n\n\n\n<p><\/p>\n","protected":false},"excerpt":{"rendered":"<p>Diumenge 17 de novembre a partir de les 12:30 h concert amb la m\u00fasica d&#8217;autor i cl\u00e0ssics dels 60 amb Jordi Molt\u00f3 o Pep Bergad\u00e1.<\/p>\n","protected":false},"author":1,"featured_media":2505,"comment_status":"closed","ping_status":"closed","sticky":false,"template":"","format":"standard","meta":{"footnotes":""},"categories":[1],"tags":[],"class_list":["post-2504","post","type-post","status-publish","format-standard","has-post-thumbnail","hentry","category-general"],"_links":{"self":[{"href":"https:\/\/irla.cat\/casairla\/wp-json\/wp\/v2\/posts\/2504","targetHints":{"allow":["GET"]}}],"collection":[{"href":"https:\/\/irla.cat\/casairla\/wp-json\/wp\/v2\/posts"}],"about":[{"href":"https:\/\/irla.cat\/casairla\/wp-json\/wp\/v2\/types\/post"}],"author":[{"embeddable":true,"href":"https:\/\/irla.cat\/casairla\/wp-json\/wp\/v2\/users\/1"}],"replies":[{"embeddable":true,"href":"https:\/\/irla.cat\/casairla\/wp-json\/wp\/v2\/comments?post=2504"}],"version-history":[{"count":1,"href":"https:\/\/irla.cat\/casairla\/wp-json\/wp\/v2\/posts\/2504\/revisions"}],"predecessor-version":[{"id":2506,"href":"https:\/\/irla.cat\/casairla\/wp-json\/wp\/v2\/posts\/2504\/revisions\/2506"}],"wp:featuredmedia":[{"embeddable":true,"href":"https:\/\/irla.cat\/casairla\/wp-json\/wp\/v2\/media\/2505"}],"wp:attachment":[{"href":"https:\/\/irla.cat\/casairla\/wp-json\/wp\/v2\/media?parent=2504"}],"wp:term":[{"taxonomy":"category","embeddable":true,"href":"https:\/\/irla.cat\/casairla\/wp-json\/wp\/v2\/categories?post=2504"},{"taxonomy":"post_tag","embeddable":true,"href":"https:\/\/irla.cat\/casairla\/wp-json\/wp\/v2\/tags?post=2504"}],"curies":[{"name":"wp","href":"https:\/\/api.w.org\/{rel}","templated":true}]}}