{"id":2490,"date":"2024-11-05T10:12:33","date_gmt":"2024-11-05T09:12:33","guid":{"rendered":"https:\/\/irla.cat\/casairla\/?p=2490"},"modified":"2024-11-05T10:12:33","modified_gmt":"2024-11-05T09:12:33","slug":"inauguracio-de-lexposicio-teixits-dana-gutierrez","status":"publish","type":"post","link":"https:\/\/irla.cat\/casairla\/2024\/11\/05\/inauguracio-de-lexposicio-teixits-dana-gutierrez\/","title":{"rendered":"Inauguraci\u00f3 de l&#8217;exposici\u00f3 &#8220;Teixits&#8221; d&#8217;Ana Guti\u00e9rrez"},"content":{"rendered":"\n<p>Dissabte dia 9 de novembre a les 19:00 h inaugurem una nova exposici\u00f3 que porta per t\u00edtol &#8220;Teixits&#8221; d&#8217;Ana Guti\u00e9rrez.<\/p>\n\n\n\n<p>Fils entrecreuats que formen un tot, aix\u00ed tamb\u00e9 les arrels, les branques, la pell. Sento que els pensaments, la mem\u00f2ria, els trajectes s\u00f3n tamb\u00e9 fils de la pr\u00f2pia hist\u00f2ria.<\/p>\n\n\n\n<p>Mostro tapissos fets amb robes encolades, amb feltre de llana i creacions amb cer\u00e0mica i feltre.<\/p>\n\n\n\n<p>Em dono perm\u00eds de compartir aquesta faceta del meu treball. Al taller he tingut molt present el caliu que de petita rebia de les dones de la meva fam\u00edlia quan compartirem labors i converses.<\/p>\n\n\n\n<p>A totes elles la meva gratitud.<\/p>\n\n\n\n<p>Vernissatge el dissabte 9 de novembre a les 19 h<\/p>\n\n\n\n<p><\/p>\n","protected":false},"excerpt":{"rendered":"<p>Dissabte dia 9 de novembre a les 19:00 h inaugurem una nova exposici\u00f3 que porta per t\u00edtol &#8220;Teixits&#8221; d&#8217;Ana Guti\u00e9rrez.<\/p>\n","protected":false},"author":1,"featured_media":2491,"comment_status":"closed","ping_status":"closed","sticky":false,"template":"","format":"standard","meta":{"footnotes":""},"categories":[1],"tags":[],"class_list":["post-2490","post","type-post","status-publish","format-standard","has-post-thumbnail","hentry","category-general"],"_links":{"self":[{"href":"https:\/\/irla.cat\/casairla\/wp-json\/wp\/v2\/posts\/2490","targetHints":{"allow":["GET"]}}],"collection":[{"href":"https:\/\/irla.cat\/casairla\/wp-json\/wp\/v2\/posts"}],"about":[{"href":"https:\/\/irla.cat\/casairla\/wp-json\/wp\/v2\/types\/post"}],"author":[{"embeddable":true,"href":"https:\/\/irla.cat\/casairla\/wp-json\/wp\/v2\/users\/1"}],"replies":[{"embeddable":true,"href":"https:\/\/irla.cat\/casairla\/wp-json\/wp\/v2\/comments?post=2490"}],"version-history":[{"count":1,"href":"https:\/\/irla.cat\/casairla\/wp-json\/wp\/v2\/posts\/2490\/revisions"}],"predecessor-version":[{"id":2492,"href":"https:\/\/irla.cat\/casairla\/wp-json\/wp\/v2\/posts\/2490\/revisions\/2492"}],"wp:featuredmedia":[{"embeddable":true,"href":"https:\/\/irla.cat\/casairla\/wp-json\/wp\/v2\/media\/2491"}],"wp:attachment":[{"href":"https:\/\/irla.cat\/casairla\/wp-json\/wp\/v2\/media?parent=2490"}],"wp:term":[{"taxonomy":"category","embeddable":true,"href":"https:\/\/irla.cat\/casairla\/wp-json\/wp\/v2\/categories?post=2490"},{"taxonomy":"post_tag","embeddable":true,"href":"https:\/\/irla.cat\/casairla\/wp-json\/wp\/v2\/tags?post=2490"}],"curies":[{"name":"wp","href":"https:\/\/api.w.org\/{rel}","templated":true}]}}