{"id":249,"date":"2014-03-30T01:33:28","date_gmt":"2014-03-30T00:33:28","guid":{"rendered":"http:\/\/www.irla.cat\/casairla\/?p=249"},"modified":"2017-03-15T01:35:28","modified_gmt":"2017-03-15T00:35:28","slug":"bourbon","status":"publish","type":"post","link":"https:\/\/irla.cat\/casairla\/2014\/03\/30\/bourbon\/","title":{"rendered":"Bourbon"},"content":{"rendered":"<p>Sandra Fern, amb una gran veu, \u00e9s la l\u00edder d&#8217;aquest grup de rhythm&amp;blues.<!--more-->Conjuntament amb els m\u00fasics; Nito Figueras (piano), Pedrito Mart\u00ednez (contrabaix), Ruben Berenjena (bateria), Xavi Molina (saxo) i Juan Cozar (trompeta), ens van oferir un gran recital que ens va fer saltar i ballar.<\/p>\n<div>Un gran concert que ens agradaria tornar a repetir en el futur a la Casa Irla.<\/div>\n<div><\/div>\n<div>Per poder-lo anar recordant i tornant a escoltar us deixem \u00a0uns v\u00eddeos del concert:<\/div>\n<p><iframe loading=\"lazy\" src=\"https:\/\/www.youtube.com\/embed\/oUpY0_ihGrI\" width=\"560\" height=\"315\" frameborder=\"0\" allowfullscreen=\"allowfullscreen\"><\/iframe><\/p>\n","protected":false},"excerpt":{"rendered":"<p>Sandra Fern, amb una gran veu, \u00e9s la l\u00edder d&#8217;aquest grup de rhythm&amp;blues.<\/p>\n","protected":false},"author":1,"featured_media":250,"comment_status":"open","ping_status":"open","sticky":false,"template":"template-centered.php","format":"standard","meta":{"footnotes":""},"categories":[1],"tags":[],"class_list":["post-249","post","type-post","status-publish","format-standard","has-post-thumbnail","hentry","category-general"],"_links":{"self":[{"href":"https:\/\/irla.cat\/casairla\/wp-json\/wp\/v2\/posts\/249","targetHints":{"allow":["GET"]}}],"collection":[{"href":"https:\/\/irla.cat\/casairla\/wp-json\/wp\/v2\/posts"}],"about":[{"href":"https:\/\/irla.cat\/casairla\/wp-json\/wp\/v2\/types\/post"}],"author":[{"embeddable":true,"href":"https:\/\/irla.cat\/casairla\/wp-json\/wp\/v2\/users\/1"}],"replies":[{"embeddable":true,"href":"https:\/\/irla.cat\/casairla\/wp-json\/wp\/v2\/comments?post=249"}],"version-history":[{"count":1,"href":"https:\/\/irla.cat\/casairla\/wp-json\/wp\/v2\/posts\/249\/revisions"}],"predecessor-version":[{"id":251,"href":"https:\/\/irla.cat\/casairla\/wp-json\/wp\/v2\/posts\/249\/revisions\/251"}],"wp:featuredmedia":[{"embeddable":true,"href":"https:\/\/irla.cat\/casairla\/wp-json\/wp\/v2\/media\/250"}],"wp:attachment":[{"href":"https:\/\/irla.cat\/casairla\/wp-json\/wp\/v2\/media?parent=249"}],"wp:term":[{"taxonomy":"category","embeddable":true,"href":"https:\/\/irla.cat\/casairla\/wp-json\/wp\/v2\/categories?post=249"},{"taxonomy":"post_tag","embeddable":true,"href":"https:\/\/irla.cat\/casairla\/wp-json\/wp\/v2\/tags?post=249"}],"curies":[{"name":"wp","href":"https:\/\/api.w.org\/{rel}","templated":true}]}}