{"id":2442,"date":"2024-10-23T14:06:56","date_gmt":"2024-10-23T12:06:56","guid":{"rendered":"https:\/\/irla.cat\/casairla\/?p=2442"},"modified":"2024-10-23T14:07:40","modified_gmt":"2024-10-23T12:07:40","slug":"converses-de-taverna-transcripcions-acompanyaments-i-altres-misteris-de-jordi-policarp","status":"publish","type":"post","link":"https:\/\/irla.cat\/casairla\/2024\/10\/23\/converses-de-taverna-transcripcions-acompanyaments-i-altres-misteris-de-jordi-policarp\/","title":{"rendered":"&#8220;Converses de taverna. Transcripcions, acompanyaments i altres misteris&#8221;"},"content":{"rendered":"\n<p>Dissabte 26 d&#8217;octubre a les 19 h, presentem el llibre &#8220;Converses de taverna. Transcripcions, acompanyaments i altres misteris&#8221; de Jordi Policarp&#8221;.<\/p>\n\n\n\n<p>Com \u00e9s ben cert que en aquesta vida tot el que \u00e9s bo \u00e9s finit, tamb\u00e9 amb el pas del temps, les tavernes de nostrats llops de mar, com la de la Pepa Caneja, van tancar.<\/p>\n\n\n\n<p>Les veus es van silenciar i les can\u00e7ons es van dissipar entre cops de Tramuntana i onades de la mar. Els mariners es van fer grans i el seu llegat va estar a punt de ser oblidat.<br><\/p>\n\n\n\n<p>Fins que un dia, uns quants prohoms del port de Palam\u00f3s, nets i besnets d\u2019antics mariners, van decidir que tot aquell llegat, ple de saviesa, coneixement i experi\u00e8ncies viscudes en el m\u00f3n de la pesca, no podia caure en l\u2019oblit i que s\u2019havia de recuperar.<\/p>\n\n\n\n<p>Llavors es van empescar les converses de taverna que esteu a punt de llegir. Van reflotar les trobades de pescadors i es van conjurar per a deixar un llegat per a la posteritat.<\/p>\n\n\n<div class=\"wp-block-image\">\n<figure class=\"aligncenter size-large\"><a href=\"https:\/\/www.nollegiu.com\/es\/libro\/converses-de-taverna-2a-edicio_81731\"><img loading=\"lazy\" decoding=\"async\" width=\"726\" height=\"1024\" src=\"https:\/\/irla.cat\/casairla\/wp-content\/uploads\/2024\/10\/Converses-de-Taverna-726x1024.jpg\" alt=\"\" class=\"wp-image-2443\" srcset=\"https:\/\/irla.cat\/casairla\/wp-content\/uploads\/2024\/10\/Converses-de-Taverna-726x1024.jpg 726w, https:\/\/irla.cat\/casairla\/wp-content\/uploads\/2024\/10\/Converses-de-Taverna-213x300.jpg 213w, https:\/\/irla.cat\/casairla\/wp-content\/uploads\/2024\/10\/Converses-de-Taverna-768x1084.jpg 768w, https:\/\/irla.cat\/casairla\/wp-content\/uploads\/2024\/10\/Converses-de-Taverna-1088x1536.jpg 1088w, https:\/\/irla.cat\/casairla\/wp-content\/uploads\/2024\/10\/Converses-de-Taverna.jpg 1315w\" sizes=\"auto, (max-width: 726px) 100vw, 726px\" \/><\/a><\/figure>\n<\/div>\n\n\n<p><\/p>\n","protected":false},"excerpt":{"rendered":"<p>Dissabte 26 d&#8217;octubre, presentem el llibre &#8220;Converses de taverna. Transcripcions, acompanyaments i altres misteris&#8221;.<\/p>\n","protected":false},"author":1,"featured_media":2444,"comment_status":"closed","ping_status":"closed","sticky":false,"template":"","format":"standard","meta":{"footnotes":""},"categories":[1],"tags":[],"class_list":["post-2442","post","type-post","status-publish","format-standard","has-post-thumbnail","hentry","category-general"],"_links":{"self":[{"href":"https:\/\/irla.cat\/casairla\/wp-json\/wp\/v2\/posts\/2442","targetHints":{"allow":["GET"]}}],"collection":[{"href":"https:\/\/irla.cat\/casairla\/wp-json\/wp\/v2\/posts"}],"about":[{"href":"https:\/\/irla.cat\/casairla\/wp-json\/wp\/v2\/types\/post"}],"author":[{"embeddable":true,"href":"https:\/\/irla.cat\/casairla\/wp-json\/wp\/v2\/users\/1"}],"replies":[{"embeddable":true,"href":"https:\/\/irla.cat\/casairla\/wp-json\/wp\/v2\/comments?post=2442"}],"version-history":[{"count":3,"href":"https:\/\/irla.cat\/casairla\/wp-json\/wp\/v2\/posts\/2442\/revisions"}],"predecessor-version":[{"id":2448,"href":"https:\/\/irla.cat\/casairla\/wp-json\/wp\/v2\/posts\/2442\/revisions\/2448"}],"wp:featuredmedia":[{"embeddable":true,"href":"https:\/\/irla.cat\/casairla\/wp-json\/wp\/v2\/media\/2444"}],"wp:attachment":[{"href":"https:\/\/irla.cat\/casairla\/wp-json\/wp\/v2\/media?parent=2442"}],"wp:term":[{"taxonomy":"category","embeddable":true,"href":"https:\/\/irla.cat\/casairla\/wp-json\/wp\/v2\/categories?post=2442"},{"taxonomy":"post_tag","embeddable":true,"href":"https:\/\/irla.cat\/casairla\/wp-json\/wp\/v2\/tags?post=2442"}],"curies":[{"name":"wp","href":"https:\/\/api.w.org\/{rel}","templated":true}]}}