{"id":2434,"date":"2024-10-16T08:32:20","date_gmt":"2024-10-16T06:32:20","guid":{"rendered":"https:\/\/irla.cat\/casairla\/?p=2434"},"modified":"2024-10-16T08:33:29","modified_gmt":"2024-10-16T06:33:29","slug":"presentacio-del-llibre-obriu-pas-dalfred-bosch","status":"publish","type":"post","link":"https:\/\/irla.cat\/casairla\/2024\/10\/16\/presentacio-del-llibre-obriu-pas-dalfred-bosch\/","title":{"rendered":"Presentaci\u00f3 del llibre\u00a0&#8220;Obriu Pas&#8221; d&#8217;Alfred Bosch"},"content":{"rendered":"\n<p>Dissabte 19 d&#8217;octubre a les 19 h a la Casa Irla presentem el llibre d&#8217;Alfred Bosch titulat &#8220;Obriu Pas&#8221;.<\/p>\n\n\n\n<p>Un relat divertit i entretingut sobre els or\u00edgens de la nostra llengua.<\/p>\n\n\n\n<p>El catal\u00e0 hauria pogut desapar\u00e8ixer, o ser residual, o acabar com un dialecte desprestigiat. Gr\u00e0cies a un grapat de trobadors lletraferits, la llengua va evitar la sort de tantes altres lleng\u00fces ve\u00efnes.<\/p>\n\n\n\n<p>Aquesta apassionant cr\u00f2nica novel\u00b7lada retrata el cam\u00ed que va permetre la creaci\u00f3 d\u2019un idioma literari, i tamb\u00e9 d\u2019una llengua est\u00e0ndard que en garant\u00eds l\u2019oficialitat i l\u2019\u00fas en diaris, escoles i oficines.<\/p>\n\n\n\n<p>El relat \u00e9s un homenatge a la gent que va salvar el nostre idioma, sempre immersos en batalles furioses entre ells.<\/p>\n\n\n\n<p>Una aventura i uns enfrontaments que van durar gaireb\u00e9 un segle i que van finalitzar amb el seny del mestre Pompeu Fabra.<\/p>\n\n\n\n<p>Una aventura imprevisible, vibrant i de resultats extraordinaris.<\/p>\n\n\n<div class=\"wp-block-image\">\n<figure class=\"aligncenter size-large\"><a href=\"https:\/\/www.grup62.cat\/llibre-obriu-pas\/391731\"><img loading=\"lazy\" decoding=\"async\" width=\"680\" height=\"1024\" src=\"https:\/\/irla.cat\/casairla\/wp-content\/uploads\/2024\/10\/Obriu-Pas-680x1024.jpg\" alt=\"\" class=\"wp-image-2436\" srcset=\"https:\/\/irla.cat\/casairla\/wp-content\/uploads\/2024\/10\/Obriu-Pas-680x1024.jpg 680w, https:\/\/irla.cat\/casairla\/wp-content\/uploads\/2024\/10\/Obriu-Pas-199x300.jpg 199w, https:\/\/irla.cat\/casairla\/wp-content\/uploads\/2024\/10\/Obriu-Pas-768x1156.jpg 768w, https:\/\/irla.cat\/casairla\/wp-content\/uploads\/2024\/10\/Obriu-Pas-1020x1536.jpg 1020w, https:\/\/irla.cat\/casairla\/wp-content\/uploads\/2024\/10\/Obriu-Pas-1360x2048.jpg 1360w, https:\/\/irla.cat\/casairla\/wp-content\/uploads\/2024\/10\/Obriu-Pas-scaled.jpg 1700w\" sizes=\"auto, (max-width: 680px) 100vw, 680px\" \/><\/a><\/figure>\n<\/div>","protected":false},"excerpt":{"rendered":"<p>Dissabte 19 d&#8217;octubre a les 19 h a la Casa Irla presentem el llibre d&#8217;Alfred Bosch titulat &#8220;Obriu Pas&#8221;.<\/p>\n","protected":false},"author":1,"featured_media":2435,"comment_status":"closed","ping_status":"closed","sticky":false,"template":"","format":"standard","meta":{"footnotes":""},"categories":[1],"tags":[],"class_list":["post-2434","post","type-post","status-publish","format-standard","has-post-thumbnail","hentry","category-general"],"_links":{"self":[{"href":"https:\/\/irla.cat\/casairla\/wp-json\/wp\/v2\/posts\/2434","targetHints":{"allow":["GET"]}}],"collection":[{"href":"https:\/\/irla.cat\/casairla\/wp-json\/wp\/v2\/posts"}],"about":[{"href":"https:\/\/irla.cat\/casairla\/wp-json\/wp\/v2\/types\/post"}],"author":[{"embeddable":true,"href":"https:\/\/irla.cat\/casairla\/wp-json\/wp\/v2\/users\/1"}],"replies":[{"embeddable":true,"href":"https:\/\/irla.cat\/casairla\/wp-json\/wp\/v2\/comments?post=2434"}],"version-history":[{"count":3,"href":"https:\/\/irla.cat\/casairla\/wp-json\/wp\/v2\/posts\/2434\/revisions"}],"predecessor-version":[{"id":2440,"href":"https:\/\/irla.cat\/casairla\/wp-json\/wp\/v2\/posts\/2434\/revisions\/2440"}],"wp:featuredmedia":[{"embeddable":true,"href":"https:\/\/irla.cat\/casairla\/wp-json\/wp\/v2\/media\/2435"}],"wp:attachment":[{"href":"https:\/\/irla.cat\/casairla\/wp-json\/wp\/v2\/media?parent=2434"}],"wp:term":[{"taxonomy":"category","embeddable":true,"href":"https:\/\/irla.cat\/casairla\/wp-json\/wp\/v2\/categories?post=2434"},{"taxonomy":"post_tag","embeddable":true,"href":"https:\/\/irla.cat\/casairla\/wp-json\/wp\/v2\/tags?post=2434"}],"curies":[{"name":"wp","href":"https:\/\/api.w.org\/{rel}","templated":true}]}}