{"id":2426,"date":"2024-09-30T07:37:51","date_gmt":"2024-09-30T05:37:51","guid":{"rendered":"https:\/\/irla.cat\/casairla\/?p=2426"},"modified":"2024-09-25T07:42:22","modified_gmt":"2024-09-25T05:42:22","slug":"divendres-4-doctubre-presentacio-del-llibre-carmen-lucet-in-textura","status":"publish","type":"post","link":"https:\/\/irla.cat\/casairla\/2024\/09\/30\/divendres-4-doctubre-presentacio-del-llibre-carmen-lucet-in-textura\/","title":{"rendered":"Divendres 4 d&#8217;octubre presentaci\u00f3 del llibre &#8220;Carmen Lucet in Textura&#8221;"},"content":{"rendered":"\n<p>Divendres 4 d&#8217;octubre a les 19:00 h presentaci\u00f3 del llibre &#8220;Carmen Lucet in Textura&#8221; de Miquel Catal\u00e0.<\/p>\n\n\n\n<p>\u2026 per treure tretze llibres necessitaria vint anys o m\u00e9s. Em sembla excessiu. I si no arribo? I si em canso? I si em manca salut? I si perdo la mem\u00f2ria?\u2026<\/p>\n\n\n\n<p>Per aix\u00f2 la idea de treure en un volum els tretze poemaris i escaig que tinc agabellats en un aplec que arriba a m\u00e9s de vuit-centes p\u00e0gines, i publicar-lo com a OBRA COMPLETA IN\u00c8DITA, fins a una data concreta, la de maig del 2023.<\/p>\n\n\n\n<p>Sense contemplar els llibres ja publicats. Per aix\u00f2 millor si faig aquesta nota, per intentar incardinar en el temps i\/o etapes els volums que s\u2019hi apleguen\u2026<\/p>\n\n\n\n<p>He decidit posar un t\u00edtol global que dona significat a la totalitat. CARMEN LUCET IN TEXTURA, en llat\u00ed que \u00e9s la mare, i que respon a la meua idea de l\u2019escriptura: EL POEMA BRILLA (LLUU) EN LA TEXTURA. Sempre he dit del goig, el plaer, que ha estat per a mi la construcci\u00f3, l\u2019elaboraci\u00f3 d\u2019un poema.<\/p>\n\n\n\n<p>La pr\u00f2pia paraula text ve de la llatina textus, que origin\u00e0riament vol dir teixit. Construir he dit, teixint mots, adjectius, complements, verbs, adverbis, figures ret\u00f2riques; jugant amb la sintaxi, la sem\u00e0ntica, la fon\u00e8tica\u2026 Per aix\u00f2 brilla el poema en la textura, en l\u2019acte de teixir-lo, de bastir-lo, de construir-lo.<br><\/p>\n\n\n\n<p>He estat i soc immensament feli\u00e7, beat, benaurat, mentre he estat (o quan estic) teixint el poema. Aquest \u00e9s el valor que jo li dono, sense tenir en compte el posterior acte comunicatiu: la interacci\u00f3 amb el lector, el vincle, l\u2019evasi\u00f3, la isopatia, el colp po\u00e8tic\u2026<\/p>\n\n\n\n<p>Sigueu vosaltres, amics, lectors, qui us aventureu en descobrir, fil per randa, la natura d\u2019aquests teixits.<\/p>\n\n\n\n<p>Espero que us agradin les teles!<\/p>\n\n\n<div class=\"wp-block-image\">\n<figure class=\"aligncenter size-large\"><img loading=\"lazy\" decoding=\"async\" width=\"702\" height=\"1024\" src=\"https:\/\/irla.cat\/casairla\/wp-content\/uploads\/2024\/09\/Carmen-Lucet-in-Textura-702x1024.jpg\" alt=\"\" class=\"wp-image-2428\" srcset=\"https:\/\/irla.cat\/casairla\/wp-content\/uploads\/2024\/09\/Carmen-Lucet-in-Textura-702x1024.jpg 702w, https:\/\/irla.cat\/casairla\/wp-content\/uploads\/2024\/09\/Carmen-Lucet-in-Textura-206x300.jpg 206w, https:\/\/irla.cat\/casairla\/wp-content\/uploads\/2024\/09\/Carmen-Lucet-in-Textura-768x1120.jpg 768w, https:\/\/irla.cat\/casairla\/wp-content\/uploads\/2024\/09\/Carmen-Lucet-in-Textura.jpg 810w\" sizes=\"auto, (max-width: 702px) 100vw, 702px\" \/><\/figure>\n<\/div>","protected":false},"excerpt":{"rendered":"<p>Divendres 4 d&#8217;octubre a les 19:00 h presentaci\u00f3 del llibre &#8220;Carmen Lucet in Textura&#8221; de Miquel Catal\u00e0. \u2026 per treure<\/p>\n","protected":false},"author":1,"featured_media":2427,"comment_status":"closed","ping_status":"closed","sticky":false,"template":"","format":"standard","meta":{"footnotes":""},"categories":[1],"tags":[],"class_list":["post-2426","post","type-post","status-publish","format-standard","has-post-thumbnail","hentry","category-general"],"_links":{"self":[{"href":"https:\/\/irla.cat\/casairla\/wp-json\/wp\/v2\/posts\/2426","targetHints":{"allow":["GET"]}}],"collection":[{"href":"https:\/\/irla.cat\/casairla\/wp-json\/wp\/v2\/posts"}],"about":[{"href":"https:\/\/irla.cat\/casairla\/wp-json\/wp\/v2\/types\/post"}],"author":[{"embeddable":true,"href":"https:\/\/irla.cat\/casairla\/wp-json\/wp\/v2\/users\/1"}],"replies":[{"embeddable":true,"href":"https:\/\/irla.cat\/casairla\/wp-json\/wp\/v2\/comments?post=2426"}],"version-history":[{"count":1,"href":"https:\/\/irla.cat\/casairla\/wp-json\/wp\/v2\/posts\/2426\/revisions"}],"predecessor-version":[{"id":2429,"href":"https:\/\/irla.cat\/casairla\/wp-json\/wp\/v2\/posts\/2426\/revisions\/2429"}],"wp:featuredmedia":[{"embeddable":true,"href":"https:\/\/irla.cat\/casairla\/wp-json\/wp\/v2\/media\/2427"}],"wp:attachment":[{"href":"https:\/\/irla.cat\/casairla\/wp-json\/wp\/v2\/media?parent=2426"}],"wp:term":[{"taxonomy":"category","embeddable":true,"href":"https:\/\/irla.cat\/casairla\/wp-json\/wp\/v2\/categories?post=2426"},{"taxonomy":"post_tag","embeddable":true,"href":"https:\/\/irla.cat\/casairla\/wp-json\/wp\/v2\/tags?post=2426"}],"curies":[{"name":"wp","href":"https:\/\/api.w.org\/{rel}","templated":true}]}}