{"id":241,"date":"2014-03-23T01:28:00","date_gmt":"2014-03-23T00:28:00","guid":{"rendered":"http:\/\/www.irla.cat\/casairla\/?p=241"},"modified":"2017-03-15T01:30:34","modified_gmt":"2017-03-15T00:30:34","slug":"espanya-contra-catalunya","status":"publish","type":"post","link":"https:\/\/irla.cat\/casairla\/2014\/03\/23\/espanya-contra-catalunya\/","title":{"rendered":"&#8220;Espanya contra Catalunya&#8221;"},"content":{"rendered":"<p>Jaume Sobrequ\u00e9s i Callic\u00f3 \u00e9s el convidat a la propera confer\u00e8ncia del cicle &#8220;El pa\u00eds que volem&#8221;.<\/p>\n<p><!--more--><\/p>\n<p>La Casa Irla organitza conjuntament amb l&#8217;Assemblea Nacional Catalana aquestes confer\u00e8ncies.<\/p>\n<p>L&#8217;acte tindr\u00e0 lloc el dissabte 29 de mar\u00e7 a les 19h. a la Casa Irla.<\/p>\n<p>\u00c9s evident que, en el proc\u00e9s que estem vivint a Catalunya, Espanya torna estar altra vegada en contra de Catalunya. Hi ha nombroses iniciatives del govern de l&#8217;estat en contra dels interessos del catalans, des de la llei Vert fins als reiterats incompliments pressupostaris s\u00f3n alguns exemples de l&#8217;ofensiva destructiva cap el proc\u00e9s d&#8217;independ\u00e8ncia del nostre pa\u00eds.<\/p>\n<p>El passat mes de desembre, el Centre d\u2019Hist\u00f2ria Contempor\u00e0nia de Catalunya del Departament de la Presid\u00e8ncia de la Generalitat de Catalunya i la Societat Catalana d\u2019Estudis Hist\u00f2rics de l\u2019Institut d\u2019Estudis Catalans van celebrar el simposi &#8220;Espanya contra Catalunya: una mirada hist\u00f2rica (1714-2014)&#8221;.<br \/>\nUna an\u00e0lisi amb criteris hist\u00f2rics, des del segle XVIII fins als nostres dies de les conseq\u00fc\u00e8ncies que ha tingut per al pa\u00eds l&#8217;acci\u00f3 pol\u00edtica, gaireb\u00e9 sempre de caire repressiu, de l\u2019Estat espanyol en relaci\u00f3 amb Catalunya.<\/p>\n<p>Jaume Sobrequ\u00e9s, director d&#8217;aquest simposi, ens visita a la Casa Irla i ens donar\u00e0 la seva versi\u00f3 d&#8217;aquesta mirada hist\u00f2rica.<\/p>\n<p><img loading=\"lazy\" decoding=\"async\" class=\"aligncenter size-full wp-image-243\" src=\"http:\/\/www.irla.cat\/casairla\/wp-content\/uploads\/2017\/03\/Cartell-Jaume-Sobraques.jpg\" alt=\"\" width=\"400\" height=\"577\" srcset=\"https:\/\/irla.cat\/casairla\/wp-content\/uploads\/2017\/03\/Cartell-Jaume-Sobraques.jpg 400w, https:\/\/irla.cat\/casairla\/wp-content\/uploads\/2017\/03\/Cartell-Jaume-Sobraques-208x300.jpg 208w\" sizes=\"auto, (max-width: 400px) 100vw, 400px\" \/><\/p>\n","protected":false},"excerpt":{"rendered":"<p>Jaume Sobrequ\u00e9s i Callic\u00f3 \u00e9s el convidat a la propera confer\u00e8ncia del cicle &#8220;El pa\u00eds que volem&#8221;.<\/p>\n","protected":false},"author":1,"featured_media":242,"comment_status":"open","ping_status":"open","sticky":false,"template":"template-centered.php","format":"standard","meta":{"footnotes":""},"categories":[1],"tags":[],"class_list":["post-241","post","type-post","status-publish","format-standard","has-post-thumbnail","hentry","category-general"],"_links":{"self":[{"href":"https:\/\/irla.cat\/casairla\/wp-json\/wp\/v2\/posts\/241","targetHints":{"allow":["GET"]}}],"collection":[{"href":"https:\/\/irla.cat\/casairla\/wp-json\/wp\/v2\/posts"}],"about":[{"href":"https:\/\/irla.cat\/casairla\/wp-json\/wp\/v2\/types\/post"}],"author":[{"embeddable":true,"href":"https:\/\/irla.cat\/casairla\/wp-json\/wp\/v2\/users\/1"}],"replies":[{"embeddable":true,"href":"https:\/\/irla.cat\/casairla\/wp-json\/wp\/v2\/comments?post=241"}],"version-history":[{"count":1,"href":"https:\/\/irla.cat\/casairla\/wp-json\/wp\/v2\/posts\/241\/revisions"}],"predecessor-version":[{"id":244,"href":"https:\/\/irla.cat\/casairla\/wp-json\/wp\/v2\/posts\/241\/revisions\/244"}],"wp:featuredmedia":[{"embeddable":true,"href":"https:\/\/irla.cat\/casairla\/wp-json\/wp\/v2\/media\/242"}],"wp:attachment":[{"href":"https:\/\/irla.cat\/casairla\/wp-json\/wp\/v2\/media?parent=241"}],"wp:term":[{"taxonomy":"category","embeddable":true,"href":"https:\/\/irla.cat\/casairla\/wp-json\/wp\/v2\/categories?post=241"},{"taxonomy":"post_tag","embeddable":true,"href":"https:\/\/irla.cat\/casairla\/wp-json\/wp\/v2\/tags?post=241"}],"curies":[{"name":"wp","href":"https:\/\/api.w.org\/{rel}","templated":true}]}}