{"id":2406,"date":"2024-09-19T12:49:45","date_gmt":"2024-09-19T10:49:45","guid":{"rendered":"https:\/\/irla.cat\/casairla\/?p=2406"},"modified":"2024-09-19T12:57:21","modified_gmt":"2024-09-19T10:57:21","slug":"tal-dia-com-avui-fa-66-anys-que-va-morir-el-mh-president-de-la-generalitat-josep-irla-i-bosch","status":"publish","type":"post","link":"https:\/\/irla.cat\/casairla\/2024\/09\/19\/tal-dia-com-avui-fa-66-anys-que-va-morir-el-mh-president-de-la-generalitat-josep-irla-i-bosch\/","title":{"rendered":"Tal dia com avui fa 66 anys que va morir el MH President de la Generalitat Josep Irla i Bosch"},"content":{"rendered":"\n<p>Josep Irla i Bosch va ser un pol\u00edtic, industrial surer i comerciant catal\u00e0, comprom\u00e8s amb el republicanisme federal i el catalanisme.<\/p>\n\n\n\n<p>Josep Irla i Bosch (Sant Feliu de Gu\u00edxols, 1876 &#8211; Saint-Rapha\u00ebl, 1958) va ser una figura cabdal en la pol\u00edtica catalana, especialment conegut per la seva traject\u00f2ria com a president de la Generalitat de Catalunya a l&#8217;exili. A m\u00e9s de la seva activitat pol\u00edtica, Irla va destacar com a industrial en el sector del suro i comerciant, seguint el negoci familiar a Sant Feliu de Gu\u00edxols, on va establir la societat Josep Irla i companyia juntament amb els seus germans.<\/p>\n\n\n<div class=\"wp-block-image\">\n<figure class=\"aligncenter size-full\"><img loading=\"lazy\" decoding=\"async\" width=\"1024\" height=\"744\" src=\"https:\/\/irla.cat\/casairla\/wp-content\/uploads\/2024\/09\/Irla-05.jpg\" alt=\"\" class=\"wp-image-2416\" srcset=\"https:\/\/irla.cat\/casairla\/wp-content\/uploads\/2024\/09\/Irla-05.jpg 1024w, https:\/\/irla.cat\/casairla\/wp-content\/uploads\/2024\/09\/Irla-05-300x218.jpg 300w, https:\/\/irla.cat\/casairla\/wp-content\/uploads\/2024\/09\/Irla-05-768x558.jpg 768w\" sizes=\"auto, (max-width: 1024px) 100vw, 1024px\" \/><\/figure>\n<\/div>\n\n\n<p><strong>Inicis en la pol\u00edtica<br><\/strong>Influenciat pel seu pare, un republic\u00e0 federal actiu, Irla va comen\u00e7ar a involucrar-se en pol\u00edtica a una edat jove. Va ser un ferm defensor del republicanisme i del federalisme, implicant-se en la creaci\u00f3 del Centre Republic\u00e0 Federal Catal\u00e0 de Sant Feliu i en la l\u00f2gia ma\u00e7\u00f2nica local. Va ser elegit regidor de l\u2019Ajuntament de Sant Feliu de Gu\u00edxols l\u2019any 1905, i poc despr\u00e9s va esdevenir alcalde, destacant per la seva gesti\u00f3 en moments de crisi, com les inundacions de 1908.<\/p>\n\n\n\n<p><strong>Ascens en la pol\u00edtica provincial i nacional<br><\/strong>Durant els anys seg\u00fcents, Irla va consolidar la seva carrera pol\u00edtica, sent elegit diputat provincial diverses vegades pel districte de la Bisbal. Va participar en la Mancomunitat de Catalunya, un organisme que promovia l\u2019autonomia i el desenvolupament cultural i social de Catalunya. Tamb\u00e9 va ser membre de diverses comissions relacionades amb el finan\u00e7ament p\u00fablic i les obres p\u00fabliques.<\/p>\n\n\n\n<p>Amb la proclamaci\u00f3 de la Segona Rep\u00fablica el 1931, Josep Irla va esdevenir una figura clau, ocupant el c\u00e0rrec de comissari delegat del Govern de la Generalitat a Girona. A m\u00e9s, va ser un ferm defensor de l&#8217;Estatut d&#8217;Autonomia de Catalunya i va ser elegit vicepresident de la Diputaci\u00f3 Provisional de Catalunya, encarregada de redactar l&#8217;avantprojecte de l&#8217;Estatut.<\/p>\n\n\n\n<figure class=\"wp-block-image size-full\"><img loading=\"lazy\" decoding=\"async\" width=\"760\" height=\"461\" src=\"https:\/\/irla.cat\/casairla\/wp-content\/uploads\/2024\/09\/al-centre-josep-irla-5ba0d27cd204a.jpg\" alt=\"\" class=\"wp-image-2412\" srcset=\"https:\/\/irla.cat\/casairla\/wp-content\/uploads\/2024\/09\/al-centre-josep-irla-5ba0d27cd204a.jpg 760w, https:\/\/irla.cat\/casairla\/wp-content\/uploads\/2024\/09\/al-centre-josep-irla-5ba0d27cd204a-300x182.jpg 300w\" sizes=\"auto, (max-width: 760px) 100vw, 760px\" \/><\/figure>\n\n\n\n<p><strong>Durant la Guerra Civil i el seu exili<br><\/strong>Quan va esclatar la Guerra Civil espanyola el 1936, Irla va mantenir c\u00e0rrecs en la Generalitat, incloent-hi el de director general d\u2019Ind\u00fastria i de Serveis d&#8217;Assist\u00e8ncia Social. El seu comprom\u00eds amb l&#8217;ajuda a sectors vulnerables, com malalts o jubilats sense recursos, va ser un dels punts destacats de la seva gesti\u00f3 durant aquest per\u00edode tan convuls.<\/p>\n\n\n\n<p>Amb la vict\u00f2ria franquista i la caiguda de Catalunya a principis de 1939, Irla va haver d&#8217;exiliar-se a Fran\u00e7a. Inicialment es va establir a Ceret, on va reprendre la seva activitat com a industrial surer. Despr\u00e9s de l&#8217;afusellament de Llu\u00eds Companys el 1940, Irla va assumir la presid\u00e8ncia de la Generalitat a l&#8217;exili, convertint-se en un punt de refer\u00e8ncia per al govern catal\u00e0 a l&#8217;exili durant la dictadura franquista.<\/p>\n\n\n<div class=\"wp-block-image\">\n<figure class=\"aligncenter size-large\"><img loading=\"lazy\" decoding=\"async\" width=\"1024\" height=\"744\" src=\"https:\/\/irla.cat\/casairla\/wp-content\/uploads\/2024\/09\/irla1931_06-1024x744.jpg\" alt=\"\" class=\"wp-image-2411\" srcset=\"https:\/\/irla.cat\/casairla\/wp-content\/uploads\/2024\/09\/irla1931_06-1024x744.jpg 1024w, https:\/\/irla.cat\/casairla\/wp-content\/uploads\/2024\/09\/irla1931_06-300x218.jpg 300w, https:\/\/irla.cat\/casairla\/wp-content\/uploads\/2024\/09\/irla1931_06-768x558.jpg 768w, https:\/\/irla.cat\/casairla\/wp-content\/uploads\/2024\/09\/irla1931_06.jpg 1200w\" sizes=\"auto, (max-width: 1024px) 100vw, 1024px\" \/><\/figure>\n<\/div>\n\n\n<p><strong>Presid\u00e8ncia de la Generalitat a l\u2019exili<br><\/strong>Durant els anys de la seva presid\u00e8ncia (1940-1954), Irla va fer front a un context extremadament dif\u00edcil, marcat per la di\u00e0spora dels exiliats catalans i la impossibilitat de desenvolupar una activitat institucional significativa. Malgrat aix\u00f2, va crear el Consell Assessor de la Presid\u00e8ncia i va formar un govern a l&#8217;exili el 1945, amb l&#8217;objectiu de mantenir la continu\u00eftat institucional i donar suport als catalans dispersats pel m\u00f3n.<\/p>\n\n\n\n<p>Irla tamb\u00e9 va denunciar davant les Nacions Unides la repressi\u00f3 del r\u00e8gim franquista contra Catalunya i va treballar per preservar la cultura i la llengua catalana. Tot i aix\u00ed, la situaci\u00f3 pol\u00edtica es va anar complicant amb el temps, i finalment va decidir renunciar al c\u00e0rrec el 1954, amb 78 anys, sent succe\u00eft per Josep Tarradellas.<\/p>\n\n\n<div class=\"wp-block-image\">\n<figure class=\"aligncenter size-full\"><img loading=\"lazy\" decoding=\"async\" width=\"1024\" height=\"744\" src=\"https:\/\/irla.cat\/casairla\/wp-content\/uploads\/2024\/09\/Irla-06.jpg\" alt=\"\" class=\"wp-image-2415\" srcset=\"https:\/\/irla.cat\/casairla\/wp-content\/uploads\/2024\/09\/Irla-06.jpg 1024w, https:\/\/irla.cat\/casairla\/wp-content\/uploads\/2024\/09\/Irla-06-300x218.jpg 300w, https:\/\/irla.cat\/casairla\/wp-content\/uploads\/2024\/09\/Irla-06-768x558.jpg 768w\" sizes=\"auto, (max-width: 1024px) 100vw, 1024px\" \/><\/figure>\n<\/div>\n\n\n<p><strong>Els \u00faltims anys i el llegat<br><\/strong>Despr\u00e9s de la seva dimissi\u00f3, Irla va viure els seus \u00faltims anys a Fran\u00e7a, dedicant-se al negoci del suro fins a la seva mort el 1958. La seva figura ha estat reconeguda per la seva perseveran\u00e7a en mantenir viva la instituci\u00f3 de la Generalitat en un dels per\u00edodes m\u00e9s foscos de la hist\u00f2ria de Catalunya.<\/p>\n\n\n\n<p>L&#8217;any 1981, les seves restes van ser traslladades a Catalunya, on van ser rebudes amb honors al Palau de la Generalitat i enterrades a la seva ciutat natal, Sant Feliu de Gu\u00edxols.<\/p>\n\n\n\n<p>El seu llegat es mant\u00e9 viu amb la creaci\u00f3 de la Fundaci\u00f3 Josep Irla, que promou la recerca hist\u00f2rica i la difusi\u00f3 del pensament pol\u00edtic catalanista.<\/p>\n\n\n\n<p><\/p>\n\n\n\n<p><\/p>\n","protected":false},"excerpt":{"rendered":"<p>Josep Irla i Bosch va ser un pol\u00edtic, industrial surer i comerciant catal\u00e0, comprom\u00e8s amb el republicanisme federal i el catalanisme.<\/p>\n","protected":false},"author":1,"featured_media":2407,"comment_status":"closed","ping_status":"closed","sticky":false,"template":"","format":"standard","meta":{"footnotes":""},"categories":[1],"tags":[],"class_list":["post-2406","post","type-post","status-publish","format-standard","has-post-thumbnail","hentry","category-general"],"_links":{"self":[{"href":"https:\/\/irla.cat\/casairla\/wp-json\/wp\/v2\/posts\/2406","targetHints":{"allow":["GET"]}}],"collection":[{"href":"https:\/\/irla.cat\/casairla\/wp-json\/wp\/v2\/posts"}],"about":[{"href":"https:\/\/irla.cat\/casairla\/wp-json\/wp\/v2\/types\/post"}],"author":[{"embeddable":true,"href":"https:\/\/irla.cat\/casairla\/wp-json\/wp\/v2\/users\/1"}],"replies":[{"embeddable":true,"href":"https:\/\/irla.cat\/casairla\/wp-json\/wp\/v2\/comments?post=2406"}],"version-history":[{"count":4,"href":"https:\/\/irla.cat\/casairla\/wp-json\/wp\/v2\/posts\/2406\/revisions"}],"predecessor-version":[{"id":2418,"href":"https:\/\/irla.cat\/casairla\/wp-json\/wp\/v2\/posts\/2406\/revisions\/2418"}],"wp:featuredmedia":[{"embeddable":true,"href":"https:\/\/irla.cat\/casairla\/wp-json\/wp\/v2\/media\/2407"}],"wp:attachment":[{"href":"https:\/\/irla.cat\/casairla\/wp-json\/wp\/v2\/media?parent=2406"}],"wp:term":[{"taxonomy":"category","embeddable":true,"href":"https:\/\/irla.cat\/casairla\/wp-json\/wp\/v2\/categories?post=2406"},{"taxonomy":"post_tag","embeddable":true,"href":"https:\/\/irla.cat\/casairla\/wp-json\/wp\/v2\/tags?post=2406"}],"curies":[{"name":"wp","href":"https:\/\/api.w.org\/{rel}","templated":true}]}}