{"id":2402,"date":"2024-09-18T07:05:59","date_gmt":"2024-09-18T05:05:59","guid":{"rendered":"https:\/\/irla.cat\/casairla\/?p=2402"},"modified":"2024-09-18T07:06:00","modified_gmt":"2024-09-18T05:06:00","slug":"presentacio-del-llibre-el-cor-del-balneari-de-teresa-sagrera","status":"publish","type":"post","link":"https:\/\/irla.cat\/casairla\/2024\/09\/18\/presentacio-del-llibre-el-cor-del-balneari-de-teresa-sagrera\/","title":{"rendered":"Presentaci\u00f3 del llibre\u00a0&#8220;El cor del balneari&#8221; de Teresa Sagrera"},"content":{"rendered":"\n<p>Dissabte 28 de setembre a les 19 h presentem el llibre &#8220;El cor del balneari&#8221; de Teresa Sagrera, Premi N\u00e9stor Luj\u00e1n 2024.<\/p>\n\n\n\n<p>Primavera del 1919, pla\u00e7a de la Font del Lle\u00f3, Caldes de Montbui. La Lola acaba de quedar \u00f2rfena de mare i arriba al poble per complir la seva \u00faltima voluntat, lliurar una capseta de m\u00fasica a l\u2019Ignasi Ventura, el propietari del Balneari Ventura, que es commou en veure la noia, per la seva semblan\u00e7a amb la Violeta, la seva mare, que va abandonar el lloc quan era jove.<\/p>\n\n\n\n<p>Sense tenir on anar i en ple dol, la Lola decideix quedar-se al balneari, impulsada per la curiositat sobre l\u2019Ignasi. Surten a la llum secrets familiars i les tensions personals i socials es magnifiquen al Balneari Ventura, que esdevindr\u00e0 una bella met\u00e0fora del creixement personal de la Lola i el canvi social de l\u2019\u00e8poca, amb la proclamaci\u00f3 de la Segona Rep\u00fablica.<\/p>\n\n\n\n<p><br>&#8220;Durant la resta de la meva vida, recordaria aquell moment en que l\u2019aigua calenta rajava de la font felina sense aturador mentre jo m\u2019ungia amb el perfum de muguet de la mare per al\u00e7ar-me amb la forca necess\u00e0ria per esquin\u00e7ar el temps. Volia penetrar en el m\u00e9s sagrat la seva mem\u00f2ria&#8221;.<\/p>\n\n\n\n<p>Acompanyar\u00e0 a l&#8217;autora durant la presentaci\u00f3 el Sr. Jordi Sanuy.<\/p>\n\n\n<div class=\"wp-block-image\">\n<figure class=\"aligncenter size-large\"><img loading=\"lazy\" decoding=\"async\" width=\"673\" height=\"1024\" src=\"https:\/\/irla.cat\/casairla\/wp-content\/uploads\/2024\/09\/El-cor-del-balneari-673x1024.jpg\" alt=\"\" class=\"wp-image-2404\" srcset=\"https:\/\/irla.cat\/casairla\/wp-content\/uploads\/2024\/09\/El-cor-del-balneari-673x1024.jpg 673w, https:\/\/irla.cat\/casairla\/wp-content\/uploads\/2024\/09\/El-cor-del-balneari-197x300.jpg 197w, https:\/\/irla.cat\/casairla\/wp-content\/uploads\/2024\/09\/El-cor-del-balneari-768x1169.jpg 768w, https:\/\/irla.cat\/casairla\/wp-content\/uploads\/2024\/09\/El-cor-del-balneari-1009x1536.jpg 1009w, https:\/\/irla.cat\/casairla\/wp-content\/uploads\/2024\/09\/El-cor-del-balneari-1345x2048.jpg 1345w, https:\/\/irla.cat\/casairla\/wp-content\/uploads\/2024\/09\/El-cor-del-balneari-scaled.jpg 1681w\" sizes=\"auto, (max-width: 673px) 100vw, 673px\" \/><\/figure>\n<\/div>","protected":false},"excerpt":{"rendered":"<p>Dissabte 28 de setembre a les 19 h presentem el llibre &#8220;El cor del balneari&#8221; de Teresa Sagrera, Premi N\u00e9stor Luj\u00e1n 2024.<\/p>\n","protected":false},"author":1,"featured_media":2403,"comment_status":"closed","ping_status":"closed","sticky":false,"template":"","format":"standard","meta":{"footnotes":""},"categories":[1],"tags":[],"class_list":["post-2402","post","type-post","status-publish","format-standard","has-post-thumbnail","hentry","category-general"],"_links":{"self":[{"href":"https:\/\/irla.cat\/casairla\/wp-json\/wp\/v2\/posts\/2402","targetHints":{"allow":["GET"]}}],"collection":[{"href":"https:\/\/irla.cat\/casairla\/wp-json\/wp\/v2\/posts"}],"about":[{"href":"https:\/\/irla.cat\/casairla\/wp-json\/wp\/v2\/types\/post"}],"author":[{"embeddable":true,"href":"https:\/\/irla.cat\/casairla\/wp-json\/wp\/v2\/users\/1"}],"replies":[{"embeddable":true,"href":"https:\/\/irla.cat\/casairla\/wp-json\/wp\/v2\/comments?post=2402"}],"version-history":[{"count":1,"href":"https:\/\/irla.cat\/casairla\/wp-json\/wp\/v2\/posts\/2402\/revisions"}],"predecessor-version":[{"id":2405,"href":"https:\/\/irla.cat\/casairla\/wp-json\/wp\/v2\/posts\/2402\/revisions\/2405"}],"wp:featuredmedia":[{"embeddable":true,"href":"https:\/\/irla.cat\/casairla\/wp-json\/wp\/v2\/media\/2403"}],"wp:attachment":[{"href":"https:\/\/irla.cat\/casairla\/wp-json\/wp\/v2\/media?parent=2402"}],"wp:term":[{"taxonomy":"category","embeddable":true,"href":"https:\/\/irla.cat\/casairla\/wp-json\/wp\/v2\/categories?post=2402"},{"taxonomy":"post_tag","embeddable":true,"href":"https:\/\/irla.cat\/casairla\/wp-json\/wp\/v2\/tags?post=2402"}],"curies":[{"name":"wp","href":"https:\/\/api.w.org\/{rel}","templated":true}]}}