{"id":2392,"date":"2024-09-12T06:59:43","date_gmt":"2024-09-12T04:59:43","guid":{"rendered":"https:\/\/irla.cat\/casairla\/?p=2392"},"modified":"2024-09-13T07:02:42","modified_gmt":"2024-09-13T05:02:42","slug":"concert-de-blueroomess-musica-americana-darrel-des-de-barcelona","status":"publish","type":"post","link":"https:\/\/irla.cat\/casairla\/2024\/09\/12\/concert-de-blueroomess-musica-americana-darrel-des-de-barcelona\/","title":{"rendered":"Concert de Blueroomess musica americana d&#8217;arrel des de Barcelona"},"content":{"rendered":"\n<p>Divendres 13 de setembre a partir de les 21:00 h a la Casa Irla, concert amb Blueroomess, m\u00fasica americana des de Barcelona.<\/p>\n\n\n\n<p>Blueroomess \u00e9s un grup nascut d&#8217;una fusi\u00f3 de sons de Folk Nord-americ\u00e0, Country, Blues i Skiffle, que crea atmosferes evocadores amb un so distintiu i fresc, alhora que familiar i cl\u00e0ssic.<\/p>\n\n\n\n<p>Aquest quintet, format a Barcelona per cinc m\u00fasics de variats or\u00edgens, es compon de: guitarra ac\u00fastica, contrabaix, pedal steel i bateria, tot liderat per una veu femenina poderosa i captivadora.<\/p>\n\n\n\n<p>El seu repertori, principalment compost de composicions pr\u00f2pies, destil\u00b7la \u00e0nima i vigor, reflectint sonoritats atemporals, amb una influ\u00e8ncia palpable de la m\u00fasica tradicional nord-americana.<\/p>\n\n\n\n<p>Blueroomess destaca pels seus directes embolcalls i din\u00e0mics, que busquen establir una connexi\u00f3 \u00edntima amb el p\u00fablic, convidant-lo a un viatge apassionant a trav\u00e9s del seu singular univers musical.<\/p>\n\n\n\n<figure class=\"wp-block-embed aligncenter is-type-video is-provider-youtube wp-block-embed-youtube wp-embed-aspect-16-9 wp-has-aspect-ratio\"><div class=\"wp-block-embed__wrapper\">\n<iframe loading=\"lazy\" title=\"Rebel Soul - (Blueroomess)  (Official Video) #Stayathomesessions\" width=\"840\" height=\"473\" src=\"https:\/\/www.youtube.com\/embed\/JIE-wHmofdM?feature=oembed\" frameborder=\"0\" allow=\"accelerometer; autoplay; clipboard-write; encrypted-media; gyroscope; picture-in-picture; web-share\" referrerpolicy=\"strict-origin-when-cross-origin\" allowfullscreen><\/iframe>\n<\/div><\/figure>\n\n\n\n<p><\/p>\n","protected":false},"excerpt":{"rendered":"<p>Divendres 13 de setembre a partir de les 21:00 h a la Casa Irla, concert amb Blueroomess, m\u00fasica americana des de Barcelona.<\/p>\n","protected":false},"author":1,"featured_media":2395,"comment_status":"closed","ping_status":"closed","sticky":false,"template":"","format":"standard","meta":{"footnotes":""},"categories":[1],"tags":[],"class_list":["post-2392","post","type-post","status-publish","format-standard","has-post-thumbnail","hentry","category-general"],"_links":{"self":[{"href":"https:\/\/irla.cat\/casairla\/wp-json\/wp\/v2\/posts\/2392","targetHints":{"allow":["GET"]}}],"collection":[{"href":"https:\/\/irla.cat\/casairla\/wp-json\/wp\/v2\/posts"}],"about":[{"href":"https:\/\/irla.cat\/casairla\/wp-json\/wp\/v2\/types\/post"}],"author":[{"embeddable":true,"href":"https:\/\/irla.cat\/casairla\/wp-json\/wp\/v2\/users\/1"}],"replies":[{"embeddable":true,"href":"https:\/\/irla.cat\/casairla\/wp-json\/wp\/v2\/comments?post=2392"}],"version-history":[{"count":3,"href":"https:\/\/irla.cat\/casairla\/wp-json\/wp\/v2\/posts\/2392\/revisions"}],"predecessor-version":[{"id":2397,"href":"https:\/\/irla.cat\/casairla\/wp-json\/wp\/v2\/posts\/2392\/revisions\/2397"}],"wp:featuredmedia":[{"embeddable":true,"href":"https:\/\/irla.cat\/casairla\/wp-json\/wp\/v2\/media\/2395"}],"wp:attachment":[{"href":"https:\/\/irla.cat\/casairla\/wp-json\/wp\/v2\/media?parent=2392"}],"wp:term":[{"taxonomy":"category","embeddable":true,"href":"https:\/\/irla.cat\/casairla\/wp-json\/wp\/v2\/categories?post=2392"},{"taxonomy":"post_tag","embeddable":true,"href":"https:\/\/irla.cat\/casairla\/wp-json\/wp\/v2\/tags?post=2392"}],"curies":[{"name":"wp","href":"https:\/\/api.w.org\/{rel}","templated":true}]}}