{"id":238,"date":"2014-03-17T01:25:19","date_gmt":"2014-03-17T00:25:19","guid":{"rendered":"http:\/\/www.irla.cat\/casairla\/?p=238"},"modified":"2017-03-15T01:27:53","modified_gmt":"2017-03-15T00:27:53","slug":"cap-de-setmana-de-blues-i-jazz","status":"publish","type":"post","link":"https:\/\/irla.cat\/casairla\/2014\/03\/17\/cap-de-setmana-de-blues-i-jazz\/","title":{"rendered":"Cap de setmana de blues i jazz"},"content":{"rendered":"<div>El passat cap de setmana del 14 i 15 de mar\u00e7 de 2014, \u00a0la Casa Irla va ser escenari de dos recitals d\u2019aquests g\u00e8neres musicals, blues i jazz.<\/div>\n<p><!--more--><\/p>\n<div>El divendres vam comptar amb la pres\u00e8ncia del duet Pexsomblues, l\u2019Eduard i en Xarli de Girona que ens van oferir un recorregut per la hist\u00f2ria del blues, des dels seus or\u00edgens fins a temes actuals de la seva pr\u00f2pia creaci\u00f3.<\/div>\n<div><\/div>\n<div>I el dissabte va ser el torn de Petros Klampanis Trio, grup format a Nova York que lidera el contrabaixista grec Petros Klampanis i que complerten el guitarrista israeli\u00e0 Gilad Hekselman i el percussionista polon\u00e8s Bodek Janke. Tot i ser m\u00fasics de jazz, els seus or\u00edgens marquen molt el seu estil i en la seva m\u00fasica es pot sentir la influ\u00e8ncia de m\u00fasiques balc\u00e0niques i de la mediterr\u00e0nia oriental. Un recital brillant que va emocionar al p\u00fablic present a l\u2019acte.<\/div>\n<div><\/div>\n<div>Amb aquest concert la Casa Irla ha comen\u00e7at una col\u2022laboraci\u00f3 amb el Sunset Jazz Club de Girona amb el qual programarem, a partir d\u2019ara, actuacions i concerts conjuntament.<br \/>\n<iframe loading=\"lazy\" src=\"https:\/\/www.youtube.com\/embed\/AEIrH_Atzy8\" width=\"560\" height=\"315\" frameborder=\"0\" allowfullscreen=\"allowfullscreen\"><\/iframe><\/div>\n<div><\/div>\n","protected":false},"excerpt":{"rendered":"<p>El passat cap de setmana del 14 i 15 de mar\u00e7 de 2014, \u00a0la Casa Irla va ser escenari de<\/p>\n","protected":false},"author":1,"featured_media":239,"comment_status":"open","ping_status":"open","sticky":false,"template":"template-centered.php","format":"standard","meta":{"footnotes":""},"categories":[1],"tags":[],"class_list":["post-238","post","type-post","status-publish","format-standard","has-post-thumbnail","hentry","category-general"],"_links":{"self":[{"href":"https:\/\/irla.cat\/casairla\/wp-json\/wp\/v2\/posts\/238","targetHints":{"allow":["GET"]}}],"collection":[{"href":"https:\/\/irla.cat\/casairla\/wp-json\/wp\/v2\/posts"}],"about":[{"href":"https:\/\/irla.cat\/casairla\/wp-json\/wp\/v2\/types\/post"}],"author":[{"embeddable":true,"href":"https:\/\/irla.cat\/casairla\/wp-json\/wp\/v2\/users\/1"}],"replies":[{"embeddable":true,"href":"https:\/\/irla.cat\/casairla\/wp-json\/wp\/v2\/comments?post=238"}],"version-history":[{"count":1,"href":"https:\/\/irla.cat\/casairla\/wp-json\/wp\/v2\/posts\/238\/revisions"}],"predecessor-version":[{"id":240,"href":"https:\/\/irla.cat\/casairla\/wp-json\/wp\/v2\/posts\/238\/revisions\/240"}],"wp:featuredmedia":[{"embeddable":true,"href":"https:\/\/irla.cat\/casairla\/wp-json\/wp\/v2\/media\/239"}],"wp:attachment":[{"href":"https:\/\/irla.cat\/casairla\/wp-json\/wp\/v2\/media?parent=238"}],"wp:term":[{"taxonomy":"category","embeddable":true,"href":"https:\/\/irla.cat\/casairla\/wp-json\/wp\/v2\/categories?post=238"},{"taxonomy":"post_tag","embeddable":true,"href":"https:\/\/irla.cat\/casairla\/wp-json\/wp\/v2\/tags?post=238"}],"curies":[{"name":"wp","href":"https:\/\/api.w.org\/{rel}","templated":true}]}}