{"id":2362,"date":"2024-07-15T16:43:10","date_gmt":"2024-07-15T14:43:10","guid":{"rendered":"https:\/\/irla.cat\/casairla\/?p=2362"},"modified":"2024-07-15T16:43:52","modified_gmt":"2024-07-15T14:43:52","slug":"exposicio-tradicions-evolucio-cosmica-universal","status":"publish","type":"post","link":"https:\/\/irla.cat\/casairla\/2024\/07\/15\/exposicio-tradicions-evolucio-cosmica-universal\/","title":{"rendered":"Exposici\u00f3 &#8220;Tradicions: evoluci\u00f3 c\u00f2smica universal&#8221;"},"content":{"rendered":"\n<p>Dissabte 20 de juliol a les 19 h inaugurem l&#8217;exposici\u00f3 de Josep Maria Serra &#8220;Tradicions: evoluci\u00f3 c\u00f2smica universal&#8221;.<\/p>\n\n\n\n<p>L\u2019obra actual est\u00e0 inspirada en tradicions hist\u00f2riques i en q\u00fcestions universals que conviden l\u2019espectador a reflexionar o, si m\u00e9s no, a distreure\u2019s amb el surrealisme colorista de l\u2019artista.<\/p>\n\n\n\n<p>Tradicions com la fira, la m\u00fasica o les de la infantesa.<\/p>\n\n\n\n<p>Q\u00fcestions entorn a la creaci\u00f3 de l\u2019univers, la humanitat i el sentit agn\u00f2stic de l\u2019exist\u00e8ncia dels d\u00e9us.<\/p>\n\n\n\n<p>M\u00e9s enll\u00e0 de l\u2019infinit, si ho aconsegueixes, darrere de la nebulosa, s\u2019hi pot trobar el que ens importa.<\/p>\n\n\n\n<p>Fins i tot, la pau.<\/p>\n\n\n\n<p><\/p>\n","protected":false},"excerpt":{"rendered":"<p>Dissabte 20 de juliol a les 19 h inaugurem l&#8217;exposici\u00f3 de Josep Maria Serra &#8220;Tradicions: evoluci\u00f3 c\u00f2smica universal&#8221;.<\/p>\n","protected":false},"author":1,"featured_media":2363,"comment_status":"closed","ping_status":"closed","sticky":false,"template":"","format":"standard","meta":{"footnotes":""},"categories":[1],"tags":[],"class_list":["post-2362","post","type-post","status-publish","format-standard","has-post-thumbnail","hentry","category-general"],"_links":{"self":[{"href":"https:\/\/irla.cat\/casairla\/wp-json\/wp\/v2\/posts\/2362","targetHints":{"allow":["GET"]}}],"collection":[{"href":"https:\/\/irla.cat\/casairla\/wp-json\/wp\/v2\/posts"}],"about":[{"href":"https:\/\/irla.cat\/casairla\/wp-json\/wp\/v2\/types\/post"}],"author":[{"embeddable":true,"href":"https:\/\/irla.cat\/casairla\/wp-json\/wp\/v2\/users\/1"}],"replies":[{"embeddable":true,"href":"https:\/\/irla.cat\/casairla\/wp-json\/wp\/v2\/comments?post=2362"}],"version-history":[{"count":2,"href":"https:\/\/irla.cat\/casairla\/wp-json\/wp\/v2\/posts\/2362\/revisions"}],"predecessor-version":[{"id":2365,"href":"https:\/\/irla.cat\/casairla\/wp-json\/wp\/v2\/posts\/2362\/revisions\/2365"}],"wp:featuredmedia":[{"embeddable":true,"href":"https:\/\/irla.cat\/casairla\/wp-json\/wp\/v2\/media\/2363"}],"wp:attachment":[{"href":"https:\/\/irla.cat\/casairla\/wp-json\/wp\/v2\/media?parent=2362"}],"wp:term":[{"taxonomy":"category","embeddable":true,"href":"https:\/\/irla.cat\/casairla\/wp-json\/wp\/v2\/categories?post=2362"},{"taxonomy":"post_tag","embeddable":true,"href":"https:\/\/irla.cat\/casairla\/wp-json\/wp\/v2\/tags?post=2362"}],"curies":[{"name":"wp","href":"https:\/\/api.w.org\/{rel}","templated":true}]}}