{"id":2356,"date":"2024-07-08T14:49:44","date_gmt":"2024-07-08T12:49:44","guid":{"rendered":"https:\/\/irla.cat\/casairla\/?p=2356"},"modified":"2024-07-08T14:49:45","modified_gmt":"2024-07-08T12:49:45","slug":"presentacio-del-llibre-et-dono-fementida-un-collaret-com-a-penyora","status":"publish","type":"post","link":"https:\/\/irla.cat\/casairla\/2024\/07\/08\/presentacio-del-llibre-et-dono-fementida-un-collaret-com-a-penyora\/","title":{"rendered":"Presentaci\u00f3 del llibre &#8220;Et dono, fementida, un collaret com a penyora&#8221;"},"content":{"rendered":"\n<p>Divendres 12 de juliol a les 19 h presentem el llibre de Catalina Navarro-Pont &#8220;Et dono, fementida, un collaret com a penyora&#8221;.<\/p>\n\n\n\n<p>Aquesta novel\u00b7la ens narra la hist\u00f2ria de la Mariola, una jove monja amb poca experi\u00e8ncia de vida m\u00e9s enll\u00e0 dels murs religiosos. Els fets d\u2019aquesta novel\u00b7la s\u2019inicien a Tarragona, l\u2019any 1936. El trasbals de la Guerra Civil abocar\u00e0 la protagonista a convertir-se, sense proposar-s\u2019ho, en una dona fementida, una tra\u00efdora als seus vots i fugir a Barcelona.<\/p>\n\n\n\n<p>L\u2019acci\u00f3 transcorre amb un rerefons d\u2019intriga fonamentat en un collaret, testimoni d\u2019una passi\u00f3 prohibida pels c\u00e0nons morals. Les conseq\u00fc\u00e8ncies del m\u00f3n b\u00e8l\u00b7lic que envolten la Mariola la transformaran en una persona de forta voluntat que traspassar\u00e0 l\u00ednies delictives mai imaginades en la lluita per recuperar dos dels seus grans amors que anirem coneixent al llarg de la trama, plena d\u2019esdeveniments imparables, que fan d\u2019aquesta novel\u00b7la una obra de lectura addictiva.<\/p>\n\n\n<div class=\"wp-block-image\">\n<figure class=\"aligncenter size-full is-resized\"><a href=\"https:\/\/www.tripode.cat\/botiga\/novella\/et-dono-fementida-un-collaret-com-a-penyora-catalina-navarro\/\" target=\"_blank\" rel=\"noreferrer noopener\"><img loading=\"lazy\" decoding=\"async\" width=\"520\" height=\"780\" src=\"https:\/\/irla.cat\/casairla\/wp-content\/uploads\/2024\/07\/Et-dono-fementinda.jpg\" alt=\"\" class=\"wp-image-2357\" style=\"width:520px;height:auto\" srcset=\"https:\/\/irla.cat\/casairla\/wp-content\/uploads\/2024\/07\/Et-dono-fementinda.jpg 520w, https:\/\/irla.cat\/casairla\/wp-content\/uploads\/2024\/07\/Et-dono-fementinda-200x300.jpg 200w\" sizes=\"auto, (max-width: 520px) 100vw, 520px\" \/><\/a><\/figure>\n<\/div>","protected":false},"excerpt":{"rendered":"<p>Divendres 12 de juliol a les 19 h presentem el llibre de Catalina Navarro-Pont &#8220;Et dono, fementida, un collaret com a penyora&#8221;.<\/p>\n","protected":false},"author":1,"featured_media":2358,"comment_status":"closed","ping_status":"closed","sticky":false,"template":"","format":"standard","meta":{"footnotes":""},"categories":[1],"tags":[],"class_list":["post-2356","post","type-post","status-publish","format-standard","has-post-thumbnail","hentry","category-general"],"_links":{"self":[{"href":"https:\/\/irla.cat\/casairla\/wp-json\/wp\/v2\/posts\/2356","targetHints":{"allow":["GET"]}}],"collection":[{"href":"https:\/\/irla.cat\/casairla\/wp-json\/wp\/v2\/posts"}],"about":[{"href":"https:\/\/irla.cat\/casairla\/wp-json\/wp\/v2\/types\/post"}],"author":[{"embeddable":true,"href":"https:\/\/irla.cat\/casairla\/wp-json\/wp\/v2\/users\/1"}],"replies":[{"embeddable":true,"href":"https:\/\/irla.cat\/casairla\/wp-json\/wp\/v2\/comments?post=2356"}],"version-history":[{"count":1,"href":"https:\/\/irla.cat\/casairla\/wp-json\/wp\/v2\/posts\/2356\/revisions"}],"predecessor-version":[{"id":2359,"href":"https:\/\/irla.cat\/casairla\/wp-json\/wp\/v2\/posts\/2356\/revisions\/2359"}],"wp:featuredmedia":[{"embeddable":true,"href":"https:\/\/irla.cat\/casairla\/wp-json\/wp\/v2\/media\/2358"}],"wp:attachment":[{"href":"https:\/\/irla.cat\/casairla\/wp-json\/wp\/v2\/media?parent=2356"}],"wp:term":[{"taxonomy":"category","embeddable":true,"href":"https:\/\/irla.cat\/casairla\/wp-json\/wp\/v2\/categories?post=2356"},{"taxonomy":"post_tag","embeddable":true,"href":"https:\/\/irla.cat\/casairla\/wp-json\/wp\/v2\/tags?post=2356"}],"curies":[{"name":"wp","href":"https:\/\/api.w.org\/{rel}","templated":true}]}}