{"id":2352,"date":"2024-07-03T17:06:48","date_gmt":"2024-07-03T15:06:48","guid":{"rendered":"https:\/\/irla.cat\/casairla\/?p=2352"},"modified":"2024-07-03T17:06:49","modified_gmt":"2024-07-03T15:06:49","slug":"presentacio-del-llibre-fer-politica-en-limperi-del-jo-de-xavier-godas","status":"publish","type":"post","link":"https:\/\/irla.cat\/casairla\/2024\/07\/03\/presentacio-del-llibre-fer-politica-en-limperi-del-jo-de-xavier-godas\/","title":{"rendered":"Presentaci\u00f3 del llibre &#8220;Fer pol\u00edtica en l&#8217;imperi del jo&#8221; de Xavier God\u00e0s"},"content":{"rendered":"\n<p>Dissabte dia 6 de juliol a les 19 h presentarem el llibre &#8220;Fer pol\u00edtica en l&#8217;imperi del jo&#8221; de Xavier God\u00e0s<\/p>\n\n\n\n<p>L\u2019activista Greta Thunberg ha protagonitzat els \u00faltims anys una forma d\u2019acci\u00f3 pol\u00edtica basada en el conflicte en primera persona.<\/p>\n\n\n\n<p>La seva protesta es va convertir, per l\u2019efecte de les xarxes socials, en s\u00edmbol i for\u00e7a mobilitzadora de milions de joves. El resultat \u00e9s una lluita poc efectiva, perqu\u00e8 t\u00e9 l\u2019origen en un malestar personal. \u00c9s un de tants exemples d\u2019una societat marcadament individualista: la nostra.<br><\/p>\n\n\n\n<p>Xavier God\u00e0s analitza com ha canviat l\u2019acci\u00f3 pol\u00edtica en les \u00faltimes d\u00e8cades; ja no sorgeix d\u2019una comunitat, que s\u2019organitza per obtenir uns beneficis per a tothom, sin\u00f3 d\u2019un subjecte individual, victimitzat per un sistema injust o no inclusiu.<\/p>\n\n\n\n<p>Per\u00f2 la hist\u00f2ria de la democr\u00e0cia moderna \u00e9s la hist\u00f2ria de la for\u00e7a popular de canvi. El risc, doncs, \u00e9s evident: el canvi per al b\u00e9 com\u00fa nom\u00e9s es donar\u00e0 si constru\u00efm un projecte col\u00b7lectiu que superi l\u2019imperi del jo.<\/p>\n\n\n<div class=\"wp-block-image\">\n<figure class=\"aligncenter size-large\"><a href=\"https:\/\/lafinestralectora.cat\/fer-politica-en-limperi-del-jo\/\" target=\"_blank\" rel=\"noreferrer noopener\"><img loading=\"lazy\" decoding=\"async\" width=\"641\" height=\"1024\" src=\"https:\/\/irla.cat\/casairla\/wp-content\/uploads\/2024\/07\/Portada-fer-politica-en-limperi-del-jo-641x1024.jpg\" alt=\"\" class=\"wp-image-2353\" srcset=\"https:\/\/irla.cat\/casairla\/wp-content\/uploads\/2024\/07\/Portada-fer-politica-en-limperi-del-jo-641x1024.jpg 641w, https:\/\/irla.cat\/casairla\/wp-content\/uploads\/2024\/07\/Portada-fer-politica-en-limperi-del-jo-188x300.jpg 188w, https:\/\/irla.cat\/casairla\/wp-content\/uploads\/2024\/07\/Portada-fer-politica-en-limperi-del-jo-768x1227.jpg 768w, https:\/\/irla.cat\/casairla\/wp-content\/uploads\/2024\/07\/Portada-fer-politica-en-limperi-del-jo-961x1536.jpg 961w, https:\/\/irla.cat\/casairla\/wp-content\/uploads\/2024\/07\/Portada-fer-politica-en-limperi-del-jo-1282x2048.jpg 1282w, https:\/\/irla.cat\/casairla\/wp-content\/uploads\/2024\/07\/Portada-fer-politica-en-limperi-del-jo-scaled.jpg 1602w\" sizes=\"auto, (max-width: 641px) 100vw, 641px\" \/><\/a><\/figure>\n<\/div>","protected":false},"excerpt":{"rendered":"<p>Dissabte dia 6 de juliol a les 19 h presentarem el llibre &#8220;Fer pol\u00edtica en l&#8217;imperi del jo&#8221; de Xavier God\u00e0s.<\/p>\n","protected":false},"author":1,"featured_media":2354,"comment_status":"closed","ping_status":"closed","sticky":false,"template":"","format":"standard","meta":{"footnotes":""},"categories":[1],"tags":[],"class_list":["post-2352","post","type-post","status-publish","format-standard","has-post-thumbnail","hentry","category-general"],"_links":{"self":[{"href":"https:\/\/irla.cat\/casairla\/wp-json\/wp\/v2\/posts\/2352","targetHints":{"allow":["GET"]}}],"collection":[{"href":"https:\/\/irla.cat\/casairla\/wp-json\/wp\/v2\/posts"}],"about":[{"href":"https:\/\/irla.cat\/casairla\/wp-json\/wp\/v2\/types\/post"}],"author":[{"embeddable":true,"href":"https:\/\/irla.cat\/casairla\/wp-json\/wp\/v2\/users\/1"}],"replies":[{"embeddable":true,"href":"https:\/\/irla.cat\/casairla\/wp-json\/wp\/v2\/comments?post=2352"}],"version-history":[{"count":1,"href":"https:\/\/irla.cat\/casairla\/wp-json\/wp\/v2\/posts\/2352\/revisions"}],"predecessor-version":[{"id":2355,"href":"https:\/\/irla.cat\/casairla\/wp-json\/wp\/v2\/posts\/2352\/revisions\/2355"}],"wp:featuredmedia":[{"embeddable":true,"href":"https:\/\/irla.cat\/casairla\/wp-json\/wp\/v2\/media\/2354"}],"wp:attachment":[{"href":"https:\/\/irla.cat\/casairla\/wp-json\/wp\/v2\/media?parent=2352"}],"wp:term":[{"taxonomy":"category","embeddable":true,"href":"https:\/\/irla.cat\/casairla\/wp-json\/wp\/v2\/categories?post=2352"},{"taxonomy":"post_tag","embeddable":true,"href":"https:\/\/irla.cat\/casairla\/wp-json\/wp\/v2\/tags?post=2352"}],"curies":[{"name":"wp","href":"https:\/\/api.w.org\/{rel}","templated":true}]}}