{"id":2346,"date":"2024-06-18T08:34:31","date_gmt":"2024-06-18T06:34:31","guid":{"rendered":"https:\/\/irla.cat\/casairla\/?p=2346"},"modified":"2024-06-18T08:34:32","modified_gmt":"2024-06-18T06:34:32","slug":"presentacio-del-llibre-guanyaras-una-mar-llisa-de-miquel-martin","status":"publish","type":"post","link":"https:\/\/irla.cat\/casairla\/2024\/06\/18\/presentacio-del-llibre-guanyaras-una-mar-llisa-de-miquel-martin\/","title":{"rendered":"Presentaci\u00f3 del llibre &#8220;Guanyar\u00e0s una mar llisa&#8221; de Miquel Mart\u00edn"},"content":{"rendered":"\n<p>Dissabte 29 de juny a les 19 h presentem a la Casa Irla el llibre &#8220;Guanyar\u00e0s una mar llisa&#8221; de Miquel Mart\u00edn.<\/p>\n\n\n\n<p>Segons el relat familiar, el besavi Espiridi\u00f3 deu el seu nom a un jurament fet pel seu avi, que va ser rescatat en una illa grega despr\u00e9s d\u2019un naufragi. Per\u00f2 una nit de Sant Joan, quan l\u2019Am\u00e0lia pregunta a la seva mare, la Gona, nous detalls d\u2019aquesta hist\u00f2ria, enc\u00e9n, sense voler-ho, la flama del dubte.<\/p>\n\n\n\n<p>Ser\u00e0 aix\u00ed com l\u2019escriptora es veur\u00e0 abocada a una recerca febril i sorprenent per aclarir-ne la veracitat, mentre s\u2019enfronta als dilemes i exig\u00e8ncies de la creaci\u00f3 liter\u00e0ria.<\/p>\n\n\n\n<p><br>Aquest \u00e9s un llibre que parla de la gent de mar, dels corallers catalans que s\u2019aventuraven en aig\u00fces llunyanes durant el segle XIX i, tamb\u00e9, del patiment dels qui es quedaven en terra. Entre l\u2019amor i resili\u00e8ncia que els uneix hi trobem, sobretot, la certesa \u00edntima de saber que la vida succeeix, sempre, entre la realitat i la ficci\u00f3.<br><\/p>\n\n\n\n<p>Miquel Mart\u00edn i Serra fa bategar de nou una petita localitat costanera amb una llengua pulcra i evocadora, amarada de l\u2019al\u00e8 de la vida i del regust de la sal.<\/p>\n\n\n\n<p>Presenta l&#8217;acte la Sra. Montse Homs<\/p>\n\n\n<div class=\"wp-block-image\">\n<figure class=\"aligncenter size-full\"><a href=\"https:\/\/periscopi.cat\/escafandre\/guanyaras-una-mar-llisa\" target=\"_blank\" rel=\"noreferrer noopener\"><img loading=\"lazy\" decoding=\"async\" width=\"670\" height=\"992\" src=\"https:\/\/irla.cat\/casairla\/wp-content\/uploads\/2024\/06\/Guanyaras-una-mar-llisa.jpg\" alt=\"\" class=\"wp-image-2348\" srcset=\"https:\/\/irla.cat\/casairla\/wp-content\/uploads\/2024\/06\/Guanyaras-una-mar-llisa.jpg 670w, https:\/\/irla.cat\/casairla\/wp-content\/uploads\/2024\/06\/Guanyaras-una-mar-llisa-203x300.jpg 203w\" sizes=\"auto, (max-width: 670px) 100vw, 670px\" \/><\/a><\/figure>\n<\/div>","protected":false},"excerpt":{"rendered":"<p>Dissabte 29 de juny a les 19 h presentem a la Casa Irla el llibre &#8220;Guanyar\u00e0s una mar llisa&#8221; de Miquel Mart\u00edn<\/p>\n","protected":false},"author":1,"featured_media":2347,"comment_status":"closed","ping_status":"closed","sticky":false,"template":"","format":"standard","meta":{"footnotes":""},"categories":[1],"tags":[],"class_list":["post-2346","post","type-post","status-publish","format-standard","has-post-thumbnail","hentry","category-general"],"_links":{"self":[{"href":"https:\/\/irla.cat\/casairla\/wp-json\/wp\/v2\/posts\/2346","targetHints":{"allow":["GET"]}}],"collection":[{"href":"https:\/\/irla.cat\/casairla\/wp-json\/wp\/v2\/posts"}],"about":[{"href":"https:\/\/irla.cat\/casairla\/wp-json\/wp\/v2\/types\/post"}],"author":[{"embeddable":true,"href":"https:\/\/irla.cat\/casairla\/wp-json\/wp\/v2\/users\/1"}],"replies":[{"embeddable":true,"href":"https:\/\/irla.cat\/casairla\/wp-json\/wp\/v2\/comments?post=2346"}],"version-history":[{"count":1,"href":"https:\/\/irla.cat\/casairla\/wp-json\/wp\/v2\/posts\/2346\/revisions"}],"predecessor-version":[{"id":2349,"href":"https:\/\/irla.cat\/casairla\/wp-json\/wp\/v2\/posts\/2346\/revisions\/2349"}],"wp:featuredmedia":[{"embeddable":true,"href":"https:\/\/irla.cat\/casairla\/wp-json\/wp\/v2\/media\/2347"}],"wp:attachment":[{"href":"https:\/\/irla.cat\/casairla\/wp-json\/wp\/v2\/media?parent=2346"}],"wp:term":[{"taxonomy":"category","embeddable":true,"href":"https:\/\/irla.cat\/casairla\/wp-json\/wp\/v2\/categories?post=2346"},{"taxonomy":"post_tag","embeddable":true,"href":"https:\/\/irla.cat\/casairla\/wp-json\/wp\/v2\/tags?post=2346"}],"curies":[{"name":"wp","href":"https:\/\/api.w.org\/{rel}","templated":true}]}}