{"id":2343,"date":"2024-06-12T09:35:07","date_gmt":"2024-06-12T07:35:07","guid":{"rendered":"https:\/\/irla.cat\/casairla\/?p=2343"},"modified":"2024-06-12T09:35:07","modified_gmt":"2024-06-12T07:35:07","slug":"centenari-del-cinema-amateu-1923-2023-amb-antoni-marti","status":"publish","type":"post","link":"https:\/\/irla.cat\/casairla\/2024\/06\/12\/centenari-del-cinema-amateu-1923-2023-amb-antoni-marti\/","title":{"rendered":"Centenari del Cinema Amateu 1923 &#8211; 2023 amb Antoni Mart\u00ed"},"content":{"rendered":"\n<p>Divendres 14 de juny a les 19 h a la Casa irla Cinema d\u2019Autor amb el cineasta i documentalista Antoni Mart\u00ed.<\/p>\n\n\n\n<p>El cinema amateur tant ric i variat a deixat un extens patrimoni cinematogr\u00e0fic, que \u00e9s un b\u00e9 cultural de primer ordre, una mostra d\u2019aix\u00f2 son les interessants sessions que s\u2019han organitzat al llarg d\u2019aquests mesos.<\/p>\n\n\n\n<p>D\u2019acord amb el Museu de Cinema-Col\u00b7lecci\u00f3 Tom\u00e0s Mallol de Girona, hem preparat una s\u00e8rie de sessions per mostrar la gran v\u00e0lua documental que ens han deixat tot un seguit d\u2019autors com els gironins Comellas, Var\u00e9s, Puigvert i Mallol.<\/p>\n\n\n\n<p>Per\u00f2 ni hi ha hagut molts m\u00e9s i molt interessants i despr\u00e9s de fer una recerca a fons hem recuperat i redescobert unes quantes joies mig oblidades, fins i tot dins del camp del cinema amateur.<\/p>\n\n\n\n<p>Les sessions que us proposem s\u00f3n per acabar de commemorar aquest Centenari i retre un acte de reconeixement a aquests cineastes que amb les seves cr\u00f2niques han nodrit abastament molts dels documentals que avui es fan de revisi\u00f3 hist\u00f2rica del nostre pa\u00eds.<\/p>\n\n\n\n<p>Antoni Mart\u00ed<br>Cineasta i documentalista<\/p>\n\n\n<div class=\"wp-block-image\">\n<figure class=\"aligncenter size-large\"><img loading=\"lazy\" decoding=\"async\" width=\"724\" height=\"1024\" src=\"https:\/\/irla.cat\/casairla\/wp-content\/uploads\/2024\/06\/Cartell-Centenari-Cinema-Amateur-724x1024.jpg\" alt=\"\" class=\"wp-image-2344\" srcset=\"https:\/\/irla.cat\/casairla\/wp-content\/uploads\/2024\/06\/Cartell-Centenari-Cinema-Amateur-724x1024.jpg 724w, https:\/\/irla.cat\/casairla\/wp-content\/uploads\/2024\/06\/Cartell-Centenari-Cinema-Amateur-212x300.jpg 212w, https:\/\/irla.cat\/casairla\/wp-content\/uploads\/2024\/06\/Cartell-Centenari-Cinema-Amateur-768x1086.jpg 768w, https:\/\/irla.cat\/casairla\/wp-content\/uploads\/2024\/06\/Cartell-Centenari-Cinema-Amateur-1086x1536.jpg 1086w, https:\/\/irla.cat\/casairla\/wp-content\/uploads\/2024\/06\/Cartell-Centenari-Cinema-Amateur.jpg 1131w\" sizes=\"auto, (max-width: 724px) 100vw, 724px\" \/><\/figure>\n<\/div>","protected":false},"excerpt":{"rendered":"<p>Divendres 14 de juny a les 19 h a la Casa irla Cinema d\u2019Autor amb el cineasta i documentalista Antoni Mart\u00ed.<\/p>\n","protected":false},"author":1,"featured_media":2166,"comment_status":"closed","ping_status":"closed","sticky":false,"template":"","format":"standard","meta":{"footnotes":""},"categories":[1],"tags":[],"class_list":["post-2343","post","type-post","status-publish","format-standard","has-post-thumbnail","hentry","category-general"],"_links":{"self":[{"href":"https:\/\/irla.cat\/casairla\/wp-json\/wp\/v2\/posts\/2343","targetHints":{"allow":["GET"]}}],"collection":[{"href":"https:\/\/irla.cat\/casairla\/wp-json\/wp\/v2\/posts"}],"about":[{"href":"https:\/\/irla.cat\/casairla\/wp-json\/wp\/v2\/types\/post"}],"author":[{"embeddable":true,"href":"https:\/\/irla.cat\/casairla\/wp-json\/wp\/v2\/users\/1"}],"replies":[{"embeddable":true,"href":"https:\/\/irla.cat\/casairla\/wp-json\/wp\/v2\/comments?post=2343"}],"version-history":[{"count":1,"href":"https:\/\/irla.cat\/casairla\/wp-json\/wp\/v2\/posts\/2343\/revisions"}],"predecessor-version":[{"id":2345,"href":"https:\/\/irla.cat\/casairla\/wp-json\/wp\/v2\/posts\/2343\/revisions\/2345"}],"wp:featuredmedia":[{"embeddable":true,"href":"https:\/\/irla.cat\/casairla\/wp-json\/wp\/v2\/media\/2166"}],"wp:attachment":[{"href":"https:\/\/irla.cat\/casairla\/wp-json\/wp\/v2\/media?parent=2343"}],"wp:term":[{"taxonomy":"category","embeddable":true,"href":"https:\/\/irla.cat\/casairla\/wp-json\/wp\/v2\/categories?post=2343"},{"taxonomy":"post_tag","embeddable":true,"href":"https:\/\/irla.cat\/casairla\/wp-json\/wp\/v2\/tags?post=2343"}],"curies":[{"name":"wp","href":"https:\/\/api.w.org\/{rel}","templated":true}]}}