{"id":2339,"date":"2024-06-11T09:23:07","date_gmt":"2024-06-11T07:23:07","guid":{"rendered":"https:\/\/irla.cat\/casairla\/?p=2339"},"modified":"2024-06-12T09:30:43","modified_gmt":"2024-06-12T07:30:43","slug":"dissabte-dia-15-de-juny-a-les-19-h-confeti-de-jordi-punti","status":"publish","type":"post","link":"https:\/\/irla.cat\/casairla\/2024\/06\/11\/dissabte-dia-15-de-juny-a-les-19-h-confeti-de-jordi-punti\/","title":{"rendered":"Dissabte dia 15 de juny a les 19 h &#8220;Confeti&#8221; de Jordi Punt\u00ed"},"content":{"rendered":"\n<p>Dissabte 15 de juny a les 19 h a la Casa Irla de Sant Feliu de Gu\u00edxols presentem el llibre &#8220;Confeti&#8221; de Jordi Punt\u00ed.<\/p>\n\n\n\n<p>\u201cEls optimistes ho veuen tot de color rosa i els pessimistes ho veuen tot negre. Entre els dos colors, vivim envoltats d\u2019il\u00b7lusions, somnis, esperances, malentesos, enveges, trampes.\u201d Amb aquestes paraules el narrador de Confeti ens avan\u00e7a la seva motivaci\u00f3 per escriure: demostrar que gran part de l\u2019exist\u00e8ncia humana \u00e9s una ficci\u00f3 feta a mida. I com a periodista d\u2019espectacles, troba en la figura de Xavier Cugat la inspiraci\u00f3 ideal.<\/p>\n\n\n\n<p>El m\u00fasic catal\u00e0 va dedicar tota la vida a ser feli\u00e7 i fam\u00f3s a qualsevol preu, sempre gr\u00e0cies a all\u00f2 que l\u2019apassionava: les caricatures, les orquestres, les pel\u00b7l\u00edcules, els matrimonis amb dones guapes i joven\u00edssimes, els chihuahues\u2026<\/p>\n\n\n\n<p>Amb una prosa elegant i en\u00e8rgica com el ball de Fred Astaire, tocada d\u2019un humor fi, Jordi Punt\u00ed ens fa viatjar de Nova York a Hollywood, de l\u2019Havana a l\u2019hotel Ritz de Barcelona. Aix\u00ed, al llarg de tot un segle turbulent i fantasi\u00f3s, llegim les perip\u00e8cies de dos homes que van ser amics potser per conveni\u00e8ncia, en un joc de miralls en qu\u00e8 la imaginaci\u00f3 conviu amb la voluntat de ser immortal, etern.<\/p>\n\n\n\n<p>Presenta l&#8217;acte el Sr. Ramon Llobet<\/p>\n\n\n<div class=\"wp-block-image\">\n<figure class=\"aligncenter size-full\"><img loading=\"lazy\" decoding=\"async\" width=\"554\" height=\"848\" src=\"https:\/\/irla.cat\/casairla\/wp-content\/uploads\/2024\/06\/Portada-Confeti.jpg\" alt=\"\" class=\"wp-image-2341\" srcset=\"https:\/\/irla.cat\/casairla\/wp-content\/uploads\/2024\/06\/Portada-Confeti.jpg 554w, https:\/\/irla.cat\/casairla\/wp-content\/uploads\/2024\/06\/Portada-Confeti-196x300.jpg 196w\" sizes=\"auto, (max-width: 554px) 100vw, 554px\" \/><\/figure>\n<\/div>\n\n\n<p><\/p>\n","protected":false},"excerpt":{"rendered":"<p>Dissabte 15 de juny a les 19 h a la Casa Irla de Sant Feliu de Gu\u00edxols presentem el llibre &#8220;Confeti&#8221; de Jordi Punt\u00ed.<\/p>\n","protected":false},"author":1,"featured_media":2340,"comment_status":"closed","ping_status":"closed","sticky":false,"template":"","format":"standard","meta":{"footnotes":""},"categories":[1],"tags":[],"class_list":["post-2339","post","type-post","status-publish","format-standard","has-post-thumbnail","hentry","category-general"],"_links":{"self":[{"href":"https:\/\/irla.cat\/casairla\/wp-json\/wp\/v2\/posts\/2339","targetHints":{"allow":["GET"]}}],"collection":[{"href":"https:\/\/irla.cat\/casairla\/wp-json\/wp\/v2\/posts"}],"about":[{"href":"https:\/\/irla.cat\/casairla\/wp-json\/wp\/v2\/types\/post"}],"author":[{"embeddable":true,"href":"https:\/\/irla.cat\/casairla\/wp-json\/wp\/v2\/users\/1"}],"replies":[{"embeddable":true,"href":"https:\/\/irla.cat\/casairla\/wp-json\/wp\/v2\/comments?post=2339"}],"version-history":[{"count":1,"href":"https:\/\/irla.cat\/casairla\/wp-json\/wp\/v2\/posts\/2339\/revisions"}],"predecessor-version":[{"id":2342,"href":"https:\/\/irla.cat\/casairla\/wp-json\/wp\/v2\/posts\/2339\/revisions\/2342"}],"wp:featuredmedia":[{"embeddable":true,"href":"https:\/\/irla.cat\/casairla\/wp-json\/wp\/v2\/media\/2340"}],"wp:attachment":[{"href":"https:\/\/irla.cat\/casairla\/wp-json\/wp\/v2\/media?parent=2339"}],"wp:term":[{"taxonomy":"category","embeddable":true,"href":"https:\/\/irla.cat\/casairla\/wp-json\/wp\/v2\/categories?post=2339"},{"taxonomy":"post_tag","embeddable":true,"href":"https:\/\/irla.cat\/casairla\/wp-json\/wp\/v2\/tags?post=2339"}],"curies":[{"name":"wp","href":"https:\/\/api.w.org\/{rel}","templated":true}]}}