{"id":2333,"date":"2024-05-29T14:29:29","date_gmt":"2024-05-29T12:29:29","guid":{"rendered":"https:\/\/irla.cat\/casairla\/?p=2333"},"modified":"2024-05-29T14:29:30","modified_gmt":"2024-05-29T12:29:30","slug":"inauguracio-de-lexposicio-homenatge-a-salvat-papasseit-1894-1924","status":"publish","type":"post","link":"https:\/\/irla.cat\/casairla\/2024\/05\/29\/inauguracio-de-lexposicio-homenatge-a-salvat-papasseit-1894-1924\/","title":{"rendered":"Inauguraci\u00f3 de l&#8217;exposici\u00f3\u00a0&#8220;Homenatge a Salvat-Papasseit (1894-1924)&#8221;"},"content":{"rendered":"\n<p>Dissabte dia 1 de juny a les 19 h inaugraci\u00f3 de l&#8217;exposici\u00f3 de Foto Torroella &#8220;&#8221;Homenatge a Salvat-Papasseit (1894-1924)&#8221;.<\/p>\n\n\n\n<p>L\u2019any 2024 es compleixen cent anys de la mort de Joan Salvat-Papasseit, poeta oblidat durant molt de temps i, a parer nostre, no prou reivindicat encara avui, a pesar dels esfor\u00e7os puntuals que des de diversos camps de la cultura s\u2019han anat fent durant tots aquests anys.<\/p>\n\n\n\n<p>Per contribuir a reivindicar la figura del poeta, dinou fot\u00f2grafs associats a Foto Torroella presenten l\u2019exposici\u00f3 col\u00b7lectiva Homenatge a Joan Salvat Papasseit 1894-1924, amb un total de trenta obres diferents que tot i centrar-se, majorit\u00e0riament, en poesies concretes (de vegades des de diversos punts de vista) tamb\u00e9 recullen aspectes de la seva traject\u00f2ria humana.<\/p>\n","protected":false},"excerpt":{"rendered":"<p>Dissabte dia 1 de juny a les 19 h inaugraci\u00f3 de l&#8217;exposici\u00f3 de Foto Torroella &#8220;&#8221;Homenatge a Salvat-Papasseit (1894-1924)&#8221;.<\/p>\n","protected":false},"author":1,"featured_media":2334,"comment_status":"closed","ping_status":"closed","sticky":false,"template":"","format":"standard","meta":{"footnotes":""},"categories":[1],"tags":[],"class_list":["post-2333","post","type-post","status-publish","format-standard","has-post-thumbnail","hentry","category-general"],"_links":{"self":[{"href":"https:\/\/irla.cat\/casairla\/wp-json\/wp\/v2\/posts\/2333","targetHints":{"allow":["GET"]}}],"collection":[{"href":"https:\/\/irla.cat\/casairla\/wp-json\/wp\/v2\/posts"}],"about":[{"href":"https:\/\/irla.cat\/casairla\/wp-json\/wp\/v2\/types\/post"}],"author":[{"embeddable":true,"href":"https:\/\/irla.cat\/casairla\/wp-json\/wp\/v2\/users\/1"}],"replies":[{"embeddable":true,"href":"https:\/\/irla.cat\/casairla\/wp-json\/wp\/v2\/comments?post=2333"}],"version-history":[{"count":1,"href":"https:\/\/irla.cat\/casairla\/wp-json\/wp\/v2\/posts\/2333\/revisions"}],"predecessor-version":[{"id":2335,"href":"https:\/\/irla.cat\/casairla\/wp-json\/wp\/v2\/posts\/2333\/revisions\/2335"}],"wp:featuredmedia":[{"embeddable":true,"href":"https:\/\/irla.cat\/casairla\/wp-json\/wp\/v2\/media\/2334"}],"wp:attachment":[{"href":"https:\/\/irla.cat\/casairla\/wp-json\/wp\/v2\/media?parent=2333"}],"wp:term":[{"taxonomy":"category","embeddable":true,"href":"https:\/\/irla.cat\/casairla\/wp-json\/wp\/v2\/categories?post=2333"},{"taxonomy":"post_tag","embeddable":true,"href":"https:\/\/irla.cat\/casairla\/wp-json\/wp\/v2\/tags?post=2333"}],"curies":[{"name":"wp","href":"https:\/\/api.w.org\/{rel}","templated":true}]}}