{"id":2324,"date":"2024-05-14T09:22:10","date_gmt":"2024-05-14T07:22:10","guid":{"rendered":"https:\/\/irla.cat\/casairla\/?p=2324"},"modified":"2024-05-18T09:28:29","modified_gmt":"2024-05-18T07:28:29","slug":"dissabte-25-i-diumenge-26-de-maig-seminari-la-pervivencia-del-franquisme","status":"publish","type":"post","link":"https:\/\/irla.cat\/casairla\/2024\/05\/14\/dissabte-25-i-diumenge-26-de-maig-seminari-la-pervivencia-del-franquisme\/","title":{"rendered":"Dissabte 25 i diumenge 26 de maig Seminari &#8220;La perviv\u00e8ncia del franquisme&#8221;"},"content":{"rendered":"\n<p>La Universitat Oberta de Catalunya i el Dr. Joan Camp\u00e0s i Montaner impartirant el seminari &#8220;La perviv\u00e8ncia del franquisme&#8221;.<\/p>\n\n\n\n<p>Sobre quines bases s\u2019han fonamentat i constru\u00eft els darrers 30 anys de l\u2019estat espanyol?<\/p>\n\n\n\n<p>\u00c9s homologable la democr\u00e0cia i el sistema judicial de l\u2019estat espanyol amb la d\u2019altres estats europeus?<\/p>\n\n\n\n<p>Com s\u2019han perpetuat en el poder les elits franquistes? Per qu\u00e8 Catalunya segueix sent \u00abel problema\u00bb? \u00c9s Espanya una naci\u00f3?<br><\/p>\n\n\n\n<p>Aquesta jornada est\u00e0 pensada per mirar de respondre aquestes i altres pregun tes similars, per mirar d\u2019entendre, una mica m\u00e9s, el nostre present.<\/p>\n\n\n\n<p>DISSABTE 25, DE 10:00 A 14:00 h<br>La II Rep\u00fablica<\/p>\n\n\n\n<ul class=\"wp-block-list\">\n<li>Fets, dades i cronologia b\u00e0siques.<\/li>\n\n\n\n<li>Reforma o revoluci\u00f3? La Constituci\u00f3 republicana.<\/li>\n\n\n\n<li>Els set problemes amb qu\u00e8 es va enfrontar la rep\u00fablica. DISSABTE 25, DE 16:00 A 20:00 h<br>La Guerra Civil<\/li>\n\n\n\n<li>Fets, dades i cronologia b\u00e0siques.<\/li>\n\n\n\n<li>Qui va voler la guerra?<\/li>\n\n\n\n<li>Guerra Civil o lluita de classes? DIUMENGE 26, DE 10:00 A 14:00 h<br>La dictadura franquista<\/li>\n\n\n\n<li>Fets, dades i cronologia b\u00e0siques.<\/li>\n\n\n\n<li>La naturalesa del franquisme.<\/li>\n\n\n\n<li>Terror, corrupci\u00f3, mites i mentides, amb benedicci\u00f3 eclesi\u00e0stic. La transici\u00f3<\/li>\n\n\n\n<li>Fets, dades i cronologia b\u00e0siques.<\/li>\n\n\n\n<li>Continu\u00eftats i discontinu\u00eftats: la llei d\u2019Amnistia de 1977.<\/li>\n\n\n\n<li>Un proc\u00e9s dirigit i controlat des del r\u00e8gim<\/li>\n<\/ul>\n\n\n\n<p>Us deixem l&#8217;enlla\u00e7 de la UOC per apuntar-vos i on trobareu tota la informaci\u00f3 del seminari. El dissabte al haver seminari tot el dia donem la posibilitat de quedar-vos a dinar el men\u00fa que es far\u00e0 al Restaurant Casa Irla: <a href=\"https:\/\/symposium.uoc.edu\/110607\/detail\/lla-pervivencia-del-franquismer-seminari-intensiu-de-cap-de-setmana-amb-el-prof-joan-campas.html\">    https:\/\/symposium.uoc.edu\/110607\/detail\/lla-pervivencia-del-franquismer-seminari-intensiu-de-cap-de-setmana-amb-el-prof-joan-campas.html<\/a><\/p>\n\n\n\n<p>Qualsevol dubte podeu trucar a Casa Irla 972.11.74.39 en horari de 8:30 h a 14:30 h menys els dimarts.<\/p>\n\n\n\n<p><\/p>\n","protected":false},"excerpt":{"rendered":"<p>La Universitat Oberta de Catalunya i el Dr. Joan Camp\u00e0s i Montaner impartirant el seminari &#8220;La perviv\u00e8ncia del franquisme&#8221;.<\/p>\n","protected":false},"author":1,"featured_media":2325,"comment_status":"closed","ping_status":"closed","sticky":false,"template":"","format":"standard","meta":{"footnotes":""},"categories":[1],"tags":[],"class_list":["post-2324","post","type-post","status-publish","format-standard","has-post-thumbnail","hentry","category-general"],"_links":{"self":[{"href":"https:\/\/irla.cat\/casairla\/wp-json\/wp\/v2\/posts\/2324","targetHints":{"allow":["GET"]}}],"collection":[{"href":"https:\/\/irla.cat\/casairla\/wp-json\/wp\/v2\/posts"}],"about":[{"href":"https:\/\/irla.cat\/casairla\/wp-json\/wp\/v2\/types\/post"}],"author":[{"embeddable":true,"href":"https:\/\/irla.cat\/casairla\/wp-json\/wp\/v2\/users\/1"}],"replies":[{"embeddable":true,"href":"https:\/\/irla.cat\/casairla\/wp-json\/wp\/v2\/comments?post=2324"}],"version-history":[{"count":2,"href":"https:\/\/irla.cat\/casairla\/wp-json\/wp\/v2\/posts\/2324\/revisions"}],"predecessor-version":[{"id":2327,"href":"https:\/\/irla.cat\/casairla\/wp-json\/wp\/v2\/posts\/2324\/revisions\/2327"}],"wp:featuredmedia":[{"embeddable":true,"href":"https:\/\/irla.cat\/casairla\/wp-json\/wp\/v2\/media\/2325"}],"wp:attachment":[{"href":"https:\/\/irla.cat\/casairla\/wp-json\/wp\/v2\/media?parent=2324"}],"wp:term":[{"taxonomy":"category","embeddable":true,"href":"https:\/\/irla.cat\/casairla\/wp-json\/wp\/v2\/categories?post=2324"},{"taxonomy":"post_tag","embeddable":true,"href":"https:\/\/irla.cat\/casairla\/wp-json\/wp\/v2\/tags?post=2324"}],"curies":[{"name":"wp","href":"https:\/\/api.w.org\/{rel}","templated":true}]}}