{"id":232,"date":"2014-03-09T01:21:07","date_gmt":"2014-03-09T00:21:07","guid":{"rendered":"http:\/\/www.irla.cat\/casairla\/?p=232"},"modified":"2017-03-15T01:23:13","modified_gmt":"2017-03-15T00:23:13","slug":"inaugurada-lexposicio-de-jordi-prat-contrastos-daustralia","status":"publish","type":"post","link":"https:\/\/irla.cat\/casairla\/2014\/03\/09\/inaugurada-lexposicio-de-jordi-prat-contrastos-daustralia\/","title":{"rendered":"Inaugurada l&#8217;exposici\u00f3 de Jordi Prat: &#8220;contrastos d&#8217;Austr\u00e0lia&#8221;"},"content":{"rendered":"<p>El diumenge 9 de mar\u00e7 hem inaugurat una exposici\u00f3 de fotografia de Jordi Prat.<!--more--><\/p>\n<p>L&#8217;exposici\u00f3\u00a0ens ofereix la seva visi\u00f3 particular sobre el continent que tenim a les ant\u00edpodes: Austr\u00e0lia.<\/p>\n<p>Els contrastos s\u00f3n el que m\u00e9s va sorprendre aquest viatger i els ha recollit en forma de magn\u00edfiques fotografies de les que ara tots plegats en podem gaudir a la Casa Irla durant dos mesos, fins a final d&#8217;abril.<\/p>\n<p>&nbsp;<\/p>\n","protected":false},"excerpt":{"rendered":"<p>El diumenge 9 de mar\u00e7 hem inaugurat una exposici\u00f3 de fotografia de Jordi Prat.<\/p>\n","protected":false},"author":1,"featured_media":233,"comment_status":"open","ping_status":"open","sticky":false,"template":"template-centered.php","format":"standard","meta":{"footnotes":""},"categories":[1],"tags":[],"class_list":["post-232","post","type-post","status-publish","format-standard","has-post-thumbnail","hentry","category-general"],"_links":{"self":[{"href":"https:\/\/irla.cat\/casairla\/wp-json\/wp\/v2\/posts\/232","targetHints":{"allow":["GET"]}}],"collection":[{"href":"https:\/\/irla.cat\/casairla\/wp-json\/wp\/v2\/posts"}],"about":[{"href":"https:\/\/irla.cat\/casairla\/wp-json\/wp\/v2\/types\/post"}],"author":[{"embeddable":true,"href":"https:\/\/irla.cat\/casairla\/wp-json\/wp\/v2\/users\/1"}],"replies":[{"embeddable":true,"href":"https:\/\/irla.cat\/casairla\/wp-json\/wp\/v2\/comments?post=232"}],"version-history":[{"count":1,"href":"https:\/\/irla.cat\/casairla\/wp-json\/wp\/v2\/posts\/232\/revisions"}],"predecessor-version":[{"id":234,"href":"https:\/\/irla.cat\/casairla\/wp-json\/wp\/v2\/posts\/232\/revisions\/234"}],"wp:featuredmedia":[{"embeddable":true,"href":"https:\/\/irla.cat\/casairla\/wp-json\/wp\/v2\/media\/233"}],"wp:attachment":[{"href":"https:\/\/irla.cat\/casairla\/wp-json\/wp\/v2\/media?parent=232"}],"wp:term":[{"taxonomy":"category","embeddable":true,"href":"https:\/\/irla.cat\/casairla\/wp-json\/wp\/v2\/categories?post=232"},{"taxonomy":"post_tag","embeddable":true,"href":"https:\/\/irla.cat\/casairla\/wp-json\/wp\/v2\/tags?post=232"}],"curies":[{"name":"wp","href":"https:\/\/api.w.org\/{rel}","templated":true}]}}