{"id":2307,"date":"2024-04-30T18:51:32","date_gmt":"2024-04-30T16:51:32","guid":{"rendered":"https:\/\/irla.cat\/casairla\/?p=2307"},"modified":"2024-04-30T18:51:46","modified_gmt":"2024-04-30T16:51:46","slug":"centenari-del-cinema-amateur-amb-lantoni-marti","status":"publish","type":"post","link":"https:\/\/irla.cat\/casairla\/2024\/04\/30\/centenari-del-cinema-amateur-amb-lantoni-marti\/","title":{"rendered":"Centenari del Cinema Amateur amb Antoni Mart\u00ed"},"content":{"rendered":"\n<p>Divendres 3 de maig a les 19 h a la Casa irla Cinema d&#8217;Autor amb el cineasta i documentalista Antoni Mart\u00ed.<\/p>\n\n\n\n<p>El cinema amateur tant ric i variat a deixat un extens patrimoni cinematogr\u00e0fic, que \u00e9s un b\u00e9 cultural de primer ordre, una mostra d\u2019aix\u00f2 son les interessants sessions que s\u2019han organitzat al llarg d\u2019aquests mesos. <\/p>\n\n\n\n<p>D\u2019acord amb el Museu de Cinema-Col\u00b7lecci\u00f3 Tom\u00e0s Mallol de Girona, hem preparat una s\u00e8rie de sessions per mostrar la gran v\u00e0lua documental que ens han deixat tot un seguit d\u2019autors com els gironins Comellas, Var\u00e9s, Puigvert i Mallol.<\/p>\n\n\n\n<p>Per\u00f2 ni hi ha hagut molts m\u00e9s i molt interessants i despr\u00e9s de fer una recerca a fons hem recuperat i redescobert unes quantes joies mig oblidades, fins i tot dins del camp del cinema amateur. Les sessions que us proposem s\u00f3n per acabar de commemorar aquest Centenari i retre un acte de reconeixement a aquests cineastes que amb les seves cr\u00f2niques han nodrit abastament molts dels documentals que avui es fan de revisi\u00f3 hist\u00f2rica del nostre pa\u00eds.<\/p>\n\n\n\n<p>PROJECCI\u00d3 DELS SEG\u00dcENTS FILMS:<\/p>\n\n\n\n<ol class=\"wp-block-list\">\n<li>Els llops de la Costa Brava, de Ernst Adler.<\/li>\n\n\n\n<li>Un Rajoler, de Joaquim Puigvert.<\/li>\n\n\n\n<li>Espa\u00f1a un lujo a su alcance, de Jordi Tom\u00e0s.<\/li>\n\n\n\n<li>Homenatge, de Tom\u00e0s Mallol.<\/li>\n<\/ol>\n","protected":false},"excerpt":{"rendered":"<p>Divendres 3 de maig a les 19 h a la Casa irla Cinema d&#8217;Autor amb el cineasta i documentalista Antoni Mart\u00ed.<\/p>\n","protected":false},"author":1,"featured_media":2166,"comment_status":"closed","ping_status":"closed","sticky":false,"template":"","format":"standard","meta":{"footnotes":""},"categories":[1],"tags":[],"class_list":["post-2307","post","type-post","status-publish","format-standard","has-post-thumbnail","hentry","category-general"],"_links":{"self":[{"href":"https:\/\/irla.cat\/casairla\/wp-json\/wp\/v2\/posts\/2307","targetHints":{"allow":["GET"]}}],"collection":[{"href":"https:\/\/irla.cat\/casairla\/wp-json\/wp\/v2\/posts"}],"about":[{"href":"https:\/\/irla.cat\/casairla\/wp-json\/wp\/v2\/types\/post"}],"author":[{"embeddable":true,"href":"https:\/\/irla.cat\/casairla\/wp-json\/wp\/v2\/users\/1"}],"replies":[{"embeddable":true,"href":"https:\/\/irla.cat\/casairla\/wp-json\/wp\/v2\/comments?post=2307"}],"version-history":[{"count":2,"href":"https:\/\/irla.cat\/casairla\/wp-json\/wp\/v2\/posts\/2307\/revisions"}],"predecessor-version":[{"id":2309,"href":"https:\/\/irla.cat\/casairla\/wp-json\/wp\/v2\/posts\/2307\/revisions\/2309"}],"wp:featuredmedia":[{"embeddable":true,"href":"https:\/\/irla.cat\/casairla\/wp-json\/wp\/v2\/media\/2166"}],"wp:attachment":[{"href":"https:\/\/irla.cat\/casairla\/wp-json\/wp\/v2\/media?parent=2307"}],"wp:term":[{"taxonomy":"category","embeddable":true,"href":"https:\/\/irla.cat\/casairla\/wp-json\/wp\/v2\/categories?post=2307"},{"taxonomy":"post_tag","embeddable":true,"href":"https:\/\/irla.cat\/casairla\/wp-json\/wp\/v2\/tags?post=2307"}],"curies":[{"name":"wp","href":"https:\/\/api.w.org\/{rel}","templated":true}]}}