{"id":2295,"date":"2024-04-08T15:31:49","date_gmt":"2024-04-08T13:31:49","guid":{"rendered":"https:\/\/irla.cat\/casairla\/?p=2295"},"modified":"2024-04-10T15:34:09","modified_gmt":"2024-04-10T13:34:09","slug":"centenari-del-cinema-amateur-amb-la-presencia-de-lantoni-marti","status":"publish","type":"post","link":"https:\/\/irla.cat\/casairla\/2024\/04\/08\/centenari-del-cinema-amateur-amb-la-presencia-de-lantoni-marti\/","title":{"rendered":"Centenari del Cinema Amateur amb la presencia de l&#8217;Antoni Mart\u00ed"},"content":{"rendered":"\n<p>Divendres 12 d&#8217;abril a les 19 h Centenari del cinema amateur 1923-2023 amb Antoni Mart\u00ed.<\/p>\n\n\n\n<p>El cinema amateur tant ric i variat ha deixat un extens patrimoni cinematogr\u00e0fic, que \u00e9s un b\u00e9 cultural de primer ordre, una mostra d\u2019aix\u00f2 s\u00f3n les interessants sessions que s\u2019han organitzat al llarg d\u2019aquests mesos. <\/p>\n\n\n\n<p>D\u2019acord amb el Museu de Cinema-Col\u00b7lecci\u00f3 Tom\u00e0s Mallol de Girona, hem preparat una s\u00e8rie de sessions per mostrar la gran v\u00e0lua documental que ens han deixat tot un seguit d\u2019autors com els gironins Comellas, Var\u00e9s, Puigvert i Mallol.<\/p>\n\n\n\n<p>Per\u00f2 n\u2019hi ha hagut molts m\u00e9s i molt interessants i despr\u00e9s de fer una recerca a fons hem recuperat i redescobert unes quantes joies mig oblidades, fins hi tot dins del camp del cinema amateur.<\/p>\n\n\n\n<p>Les sessions que us proposem son per acabar de commemorar aquest Centenari i retre un acte de reconeixement a aquests cineastes que amb les seves cr\u00f2niques han nodrit abastament molts dels documentals que avui es fan de revisi\u00f3 hist\u00f2rica del nostre pa\u00eds.<\/p>\n\n\n\n<p>PROJECCI\u00d3 DELS SEG\u00dcENTS FILMS:<\/p>\n\n\n\n<ol class=\"wp-block-list\">\n<li>Pere Comellas 1982-1942, Un pioner empordan\u00e8s d\u2019Antoni Mart\u00ed<\/li>\n\n\n\n<li>Desfilada per Girona 1940 d\u2019Antoni Var\u00e9s<\/li>\n\n\n\n<li>Tirant l\u2019art anys 50 a Roses autor desconegut (Fons Tom\u00e0s Mallol)<\/li>\n\n\n\n<li>El tren de Sant Feliu de Gu\u00edxols 1969 de Manolo Maristany<\/li>\n<\/ol>\n\n\n\n<p><\/p>\n","protected":false},"excerpt":{"rendered":"<p>Divendres 12 d&#8217;abril a les 19 h a la Casa irla Cicle Centenari del cinema amateur 1923-2023 amb Antoni Mart\u00ed.<\/p>\n","protected":false},"author":1,"featured_media":2166,"comment_status":"closed","ping_status":"closed","sticky":false,"template":"","format":"standard","meta":{"footnotes":""},"categories":[1],"tags":[],"class_list":["post-2295","post","type-post","status-publish","format-standard","has-post-thumbnail","hentry","category-general"],"_links":{"self":[{"href":"https:\/\/irla.cat\/casairla\/wp-json\/wp\/v2\/posts\/2295","targetHints":{"allow":["GET"]}}],"collection":[{"href":"https:\/\/irla.cat\/casairla\/wp-json\/wp\/v2\/posts"}],"about":[{"href":"https:\/\/irla.cat\/casairla\/wp-json\/wp\/v2\/types\/post"}],"author":[{"embeddable":true,"href":"https:\/\/irla.cat\/casairla\/wp-json\/wp\/v2\/users\/1"}],"replies":[{"embeddable":true,"href":"https:\/\/irla.cat\/casairla\/wp-json\/wp\/v2\/comments?post=2295"}],"version-history":[{"count":2,"href":"https:\/\/irla.cat\/casairla\/wp-json\/wp\/v2\/posts\/2295\/revisions"}],"predecessor-version":[{"id":2297,"href":"https:\/\/irla.cat\/casairla\/wp-json\/wp\/v2\/posts\/2295\/revisions\/2297"}],"wp:featuredmedia":[{"embeddable":true,"href":"https:\/\/irla.cat\/casairla\/wp-json\/wp\/v2\/media\/2166"}],"wp:attachment":[{"href":"https:\/\/irla.cat\/casairla\/wp-json\/wp\/v2\/media?parent=2295"}],"wp:term":[{"taxonomy":"category","embeddable":true,"href":"https:\/\/irla.cat\/casairla\/wp-json\/wp\/v2\/categories?post=2295"},{"taxonomy":"post_tag","embeddable":true,"href":"https:\/\/irla.cat\/casairla\/wp-json\/wp\/v2\/tags?post=2295"}],"curies":[{"name":"wp","href":"https:\/\/api.w.org\/{rel}","templated":true}]}}