{"id":2283,"date":"2024-03-18T10:40:00","date_gmt":"2024-03-18T09:40:00","guid":{"rendered":"https:\/\/irla.cat\/casairla\/?p=2283"},"modified":"2024-03-11T10:40:19","modified_gmt":"2024-03-11T09:40:19","slug":"dissabte-23-de-marc-presentacio-del-llibre-la-ciudad-oculta-de-xavier-lacalle","status":"publish","type":"post","link":"https:\/\/irla.cat\/casairla\/2024\/03\/18\/dissabte-23-de-marc-presentacio-del-llibre-la-ciudad-oculta-de-xavier-lacalle\/","title":{"rendered":"Dissabte 23 de mar\u00e7 presentaci\u00f3 del llibre &#8220;La ciudad oculta&#8221; de Xavier Lacalle"},"content":{"rendered":"\n<p>Dissabte 23 de mar\u00e7 a les 19 h amb la presentaci\u00f3 del llibre &#8220;La ciudad oculta&#8221; de Xavier Lacalle que dialogar\u00e0 amb Alfons Hereu.<\/p>\n\n\n\n<p>Finals de l\u2019estiu de 1928, a bord del vapor J.J. Sister en ruta de Sant Feliu de Gu\u00edxols a Barcelona, el periodista Santiago Soler ja h a finalitzat la seva tasca, quan ocorre un succ\u00e9s inesperat que l\u2019ocupar\u00e0 i el preocupar\u00e0 durant els mesos seg\u00fcents.<\/p>\n\n\n\n<p>Aix\u00ed comen\u00e7a aquesta novel\u00b7la, que serveix a l\u2019autor per a recrear l\u2019ambient dels baixos fons de la ciutat comtal; personatges, locals i subst\u00e0ncies desconeguts per al seu protagonista i tamb\u00e9 per a la gran majoria dels barcelonins de l\u2019\u00e8poca.<\/p>\n\n\n\n<p>A La ciudad oculta, se succeeixen fets i cr\u00f2niques de la vida social ciutadana que relatar\u00e0 Santiago Soler per al seu diari, El Correu Catal\u00e0.<\/p>\n\n\n\n<p>Tamb\u00e9 surten a relluir els conflictes amb la Ramona, mare del protagonista, una dona dominant i interessada, contraposats als d\u2019Aurora Barba, una jove pianista i professora de m\u00fasica a la qual coneix a bord del vapor. <\/p>\n\n\n\n<p>Emp\u00e8s per una espiral d\u2019esdeveniments, Santiago Soler s\u2019implicar\u00e0 m\u00e9s enll\u00e0 del seu deure en l\u2019esclariment del succ\u00e9s, buscant les seves pr\u00f2pies fonts, i comptar\u00e0 amb la inestimable ajuda del seu amic, Manuel Molins, arribant a posar la seva pr\u00f2pia vida en risc.<\/p>\n\n\n\n<figure class=\"wp-block-image size-large\"><a href=\"https:\/\/www.terraignotaediciones.com\/catalogo\/libros\/la-ciudad-oculta\/\" target=\"_blank\" rel=\"noreferrer noopener\"><img loading=\"lazy\" decoding=\"async\" width=\"745\" height=\"1024\" src=\"https:\/\/irla.cat\/casairla\/wp-content\/uploads\/2024\/03\/La-ciudad-oculta-745x1024.jpg\" alt=\"\" class=\"wp-image-2284\" srcset=\"https:\/\/irla.cat\/casairla\/wp-content\/uploads\/2024\/03\/La-ciudad-oculta-745x1024.jpg 745w, https:\/\/irla.cat\/casairla\/wp-content\/uploads\/2024\/03\/La-ciudad-oculta-218x300.jpg 218w, https:\/\/irla.cat\/casairla\/wp-content\/uploads\/2024\/03\/La-ciudad-oculta-768x1056.jpg 768w, https:\/\/irla.cat\/casairla\/wp-content\/uploads\/2024\/03\/La-ciudad-oculta.jpg 945w\" sizes=\"auto, (max-width: 745px) 100vw, 745px\" \/><\/a><\/figure>\n","protected":false},"excerpt":{"rendered":"<p>Dissabte 23 de mar\u00e7 a les 19 h amb la presentaci\u00f3 del llibre &#8220;La ciudad oculta&#8221; de Xavier Lacalle que dialogar\u00e0 amb Alfons Hereu.<\/p>\n","protected":false},"author":1,"featured_media":2285,"comment_status":"closed","ping_status":"closed","sticky":false,"template":"","format":"standard","meta":{"footnotes":""},"categories":[1],"tags":[],"class_list":["post-2283","post","type-post","status-publish","format-standard","has-post-thumbnail","hentry","category-general"],"_links":{"self":[{"href":"https:\/\/irla.cat\/casairla\/wp-json\/wp\/v2\/posts\/2283","targetHints":{"allow":["GET"]}}],"collection":[{"href":"https:\/\/irla.cat\/casairla\/wp-json\/wp\/v2\/posts"}],"about":[{"href":"https:\/\/irla.cat\/casairla\/wp-json\/wp\/v2\/types\/post"}],"author":[{"embeddable":true,"href":"https:\/\/irla.cat\/casairla\/wp-json\/wp\/v2\/users\/1"}],"replies":[{"embeddable":true,"href":"https:\/\/irla.cat\/casairla\/wp-json\/wp\/v2\/comments?post=2283"}],"version-history":[{"count":2,"href":"https:\/\/irla.cat\/casairla\/wp-json\/wp\/v2\/posts\/2283\/revisions"}],"predecessor-version":[{"id":2287,"href":"https:\/\/irla.cat\/casairla\/wp-json\/wp\/v2\/posts\/2283\/revisions\/2287"}],"wp:featuredmedia":[{"embeddable":true,"href":"https:\/\/irla.cat\/casairla\/wp-json\/wp\/v2\/media\/2285"}],"wp:attachment":[{"href":"https:\/\/irla.cat\/casairla\/wp-json\/wp\/v2\/media?parent=2283"}],"wp:term":[{"taxonomy":"category","embeddable":true,"href":"https:\/\/irla.cat\/casairla\/wp-json\/wp\/v2\/categories?post=2283"},{"taxonomy":"post_tag","embeddable":true,"href":"https:\/\/irla.cat\/casairla\/wp-json\/wp\/v2\/tags?post=2283"}],"curies":[{"name":"wp","href":"https:\/\/api.w.org\/{rel}","templated":true}]}}