{"id":2279,"date":"2024-03-18T10:27:48","date_gmt":"2024-03-18T09:27:48","guid":{"rendered":"https:\/\/irla.cat\/casairla\/?p=2279"},"modified":"2024-03-11T10:28:25","modified_gmt":"2024-03-11T09:28:25","slug":"projeccio-de-la-pellicula-vida-en-sombras-de-llorenc-llobet-gracia","status":"publish","type":"post","link":"https:\/\/irla.cat\/casairla\/2024\/03\/18\/projeccio-de-la-pellicula-vida-en-sombras-de-llorenc-llobet-gracia\/","title":{"rendered":"Projecci\u00f3 de la pel\u00b7l\u00edcula &#8220;Vida en sombras&#8221; de Lloren\u00e7 Llobet Gr\u00e0cia"},"content":{"rendered":"\n<p>Divendres 22 de mar\u00e7 a les 19 h dins del cicle del Centenari del Cinema amateur prola pel\u00b7l\u00edcula &#8220;Vida en sombras&#8221; de Lloren\u00e7 Llobet Gr\u00e0cia.<\/p>\n\n\n\n<p>Biografia d\u2019un cineasta fictici nascut en un cinema de fira, convertit en operador durant la guerra, i pel qual el cinema resulta vital en moments transcendentals de la seva vida.<\/p>\n\n\n\n<p>Aquesta pel\u00b7l\u00edcula, restaurada per Ferran Alberich, a part d\u2019homenatjar George Cukor, tamb\u00e9 homenatja Alfred Hitchcock i el seu film Rebecca.<\/p>\n\n\n\n<p>El rodatge es va realitzar entre novembre de 1947 i febrer de 1948. A meitat d\u2019aquest darrer mes, arriba la not\u00edcia que no li concedeixen el cr\u00e8dit sindical per al projecte; aix\u00ed doncs, Llobet-Gr\u00e0cia ha d\u2019involucrar-se personalment i rebre l\u2019ajuda de la seva fam\u00edlia per al finan\u00e7ament del film, una decisi\u00f3 que pr\u00e0cticament el va arru\u00efnar.<\/p>\n\n\n\n<p>La censura va impedir que aquesta pel\u00b7l\u00edcula es conegu\u00e9s en el seu moment. Varen haver de passar anys per ser reivindicada.<\/p>\n\n\n\n<p>No va ser fins finalitzat el r\u00e8gim que, amb la seva reestrena el 1983 i la seva projecci\u00f3 en el Festival Internacional de Cinema de Ven\u00e8cia de 2008, va rebre la consideraci\u00f3 merescuda.<\/p>\n\n\n\n<p>A causa de les perip\u00e8cies del seu recorregut, ha esdevingut de culte dins el cinema catal\u00e0, i m\u00edtica. Agra\u00efm a la Filmoteca de Catalunya que hagi fet possible la restauraci\u00f3 i projecci\u00f3 desinteressada d\u2019aquesta c\u00f2pia.<\/p>\n\n\n\n<p><em>Durada: 80 minuts<\/em><\/p>\n\n\n\n<p><\/p>\n\n\n<div class=\"wp-block-image\">\n<figure class=\"aligncenter size-full\"><a href=\"https:\/\/www.youtube.com\/watch?v=HVVCMwOow9A\" target=\"_blank\" rel=\"noreferrer noopener\"><img loading=\"lazy\" decoding=\"async\" width=\"655\" height=\"848\" src=\"https:\/\/irla.cat\/casairla\/wp-content\/uploads\/2024\/03\/Vida-en-sombras.jpg\" alt=\"\" class=\"wp-image-2280\" srcset=\"https:\/\/irla.cat\/casairla\/wp-content\/uploads\/2024\/03\/Vida-en-sombras.jpg 655w, https:\/\/irla.cat\/casairla\/wp-content\/uploads\/2024\/03\/Vida-en-sombras-232x300.jpg 232w\" sizes=\"auto, (max-width: 655px) 100vw, 655px\" \/><\/a><\/figure>\n<\/div>","protected":false},"excerpt":{"rendered":"<p>Divendres 22 de mar\u00e7 a les 19 h dins del cicle del Centenari del Cinema amateur prola pel\u00b7l\u00edcula &#8220;Vida en sombras&#8221; de Lloren\u00e7 Llobet Gr\u00e0cia.<\/p>\n","protected":false},"author":1,"featured_media":2166,"comment_status":"closed","ping_status":"closed","sticky":false,"template":"","format":"standard","meta":{"footnotes":""},"categories":[1],"tags":[],"class_list":["post-2279","post","type-post","status-publish","format-standard","has-post-thumbnail","hentry","category-general"],"_links":{"self":[{"href":"https:\/\/irla.cat\/casairla\/wp-json\/wp\/v2\/posts\/2279","targetHints":{"allow":["GET"]}}],"collection":[{"href":"https:\/\/irla.cat\/casairla\/wp-json\/wp\/v2\/posts"}],"about":[{"href":"https:\/\/irla.cat\/casairla\/wp-json\/wp\/v2\/types\/post"}],"author":[{"embeddable":true,"href":"https:\/\/irla.cat\/casairla\/wp-json\/wp\/v2\/users\/1"}],"replies":[{"embeddable":true,"href":"https:\/\/irla.cat\/casairla\/wp-json\/wp\/v2\/comments?post=2279"}],"version-history":[{"count":2,"href":"https:\/\/irla.cat\/casairla\/wp-json\/wp\/v2\/posts\/2279\/revisions"}],"predecessor-version":[{"id":2282,"href":"https:\/\/irla.cat\/casairla\/wp-json\/wp\/v2\/posts\/2279\/revisions\/2282"}],"wp:featuredmedia":[{"embeddable":true,"href":"https:\/\/irla.cat\/casairla\/wp-json\/wp\/v2\/media\/2166"}],"wp:attachment":[{"href":"https:\/\/irla.cat\/casairla\/wp-json\/wp\/v2\/media?parent=2279"}],"wp:term":[{"taxonomy":"category","embeddable":true,"href":"https:\/\/irla.cat\/casairla\/wp-json\/wp\/v2\/categories?post=2279"},{"taxonomy":"post_tag","embeddable":true,"href":"https:\/\/irla.cat\/casairla\/wp-json\/wp\/v2\/tags?post=2279"}],"curies":[{"name":"wp","href":"https:\/\/api.w.org\/{rel}","templated":true}]}}