{"id":2263,"date":"2024-03-04T18:21:02","date_gmt":"2024-03-04T17:21:02","guid":{"rendered":"https:\/\/irla.cat\/casairla\/?p=2263"},"modified":"2024-03-11T10:15:50","modified_gmt":"2024-03-11T09:15:50","slug":"presentacio-del-llibre-soc-pas-poeta-jo-de-joaquim-pijoan","status":"publish","type":"post","link":"https:\/\/irla.cat\/casairla\/2024\/03\/04\/presentacio-del-llibre-soc-pas-poeta-jo-de-joaquim-pijoan\/","title":{"rendered":"Presentaci\u00f3 del llibre &#8220;Soc pas poeta, jo!&#8221;\u00a0de Joaquim Pijoan"},"content":{"rendered":"\n<p>Dissabte 9 de mar\u00e7 a les 19 h a la Casa Irla presentem el llibre de Joaquim Pijoan &#8220;Soc pas poeta, jo!&#8221;<\/p>\n\n\n\n<p>Aquest Soc pas poeta, jo! \u00c9s un llibre que no havia pensat mai que l&#8217;escriuria. \u00c9s la conseq\u00fc\u00e8ncia d&#8217;un regal d&#8217;un d&#8217;aquests \u00e0ngels de la guarda que els qui no som ni ateus ni agn\u00f2stics, sabem que existeixen, i confiem vida i dest\u00ed a u na mena d&#8217;atzar amb sentit, i lliurats sempre a aquesta feli\u00e7 expressi\u00f3 jueva, que tenim per nord i guia: Jahv\u00e8 proveir\u00e0!<\/p>\n\n\n\n<p>Viure amb fe no en justifica per res la bondat o la perversitat d&#8217;haver escrit amb voluntat po\u00e8tica, conscient, tanmateix, d&#8217;aquest jo, tan expl\u00edcit del titol: Soc pas poeta, jo!<\/p>\n\n\n\n<p>Els lectors tenen plena llibertat per dir-hi la seva. I es cr\u00edtics, si \u00e9s que en queda cap de desvagat, tamb\u00e9. En tot cas puc dir que hi trobareu la part m\u00e9s personal, no goso dir-ne profunda, del meu jo. En temps de no-jo, no-sex i d&#8217;altres no-coses, em sembla que per a un lector amb curiositat i una certa benevol\u00e8ncia, l&#8217;hi pot ser una lectura afirmativa, potser no del tot divertida, per\u00f2 difeferent i atractiva.<\/p>\n\n\n\n<p>Presenta Xavier Colomer-Ribot<\/p>\n\n\n<div class=\"wp-block-image\">\n<figure class=\"aligncenter size-large\"><img loading=\"lazy\" decoding=\"async\" width=\"664\" height=\"1024\" src=\"https:\/\/irla.cat\/casairla\/wp-content\/uploads\/2024\/03\/Soc-pas-poeta-jo-664x1024.jpg\" alt=\"\" class=\"wp-image-2270\" srcset=\"https:\/\/irla.cat\/casairla\/wp-content\/uploads\/2024\/03\/Soc-pas-poeta-jo-664x1024.jpg 664w, https:\/\/irla.cat\/casairla\/wp-content\/uploads\/2024\/03\/Soc-pas-poeta-jo-194x300.jpg 194w, https:\/\/irla.cat\/casairla\/wp-content\/uploads\/2024\/03\/Soc-pas-poeta-jo-768x1185.jpg 768w, https:\/\/irla.cat\/casairla\/wp-content\/uploads\/2024\/03\/Soc-pas-poeta-jo.jpg 827w\" sizes=\"auto, (max-width: 664px) 100vw, 664px\" \/><\/figure>\n<\/div>","protected":false},"excerpt":{"rendered":"<p>Dissabte 9 de mar\u00e7 a les 19 h a la Casa Irla presentem el llibre de Joaquim Pijoan &#8220;Soc pas poeta, jo!&#8221;<\/p>\n","protected":false},"author":1,"featured_media":2264,"comment_status":"closed","ping_status":"closed","sticky":false,"template":"","format":"standard","meta":{"footnotes":""},"categories":[1],"tags":[],"class_list":["post-2263","post","type-post","status-publish","format-standard","has-post-thumbnail","hentry","category-general"],"_links":{"self":[{"href":"https:\/\/irla.cat\/casairla\/wp-json\/wp\/v2\/posts\/2263","targetHints":{"allow":["GET"]}}],"collection":[{"href":"https:\/\/irla.cat\/casairla\/wp-json\/wp\/v2\/posts"}],"about":[{"href":"https:\/\/irla.cat\/casairla\/wp-json\/wp\/v2\/types\/post"}],"author":[{"embeddable":true,"href":"https:\/\/irla.cat\/casairla\/wp-json\/wp\/v2\/users\/1"}],"replies":[{"embeddable":true,"href":"https:\/\/irla.cat\/casairla\/wp-json\/wp\/v2\/comments?post=2263"}],"version-history":[{"count":7,"href":"https:\/\/irla.cat\/casairla\/wp-json\/wp\/v2\/posts\/2263\/revisions"}],"predecessor-version":[{"id":2278,"href":"https:\/\/irla.cat\/casairla\/wp-json\/wp\/v2\/posts\/2263\/revisions\/2278"}],"wp:featuredmedia":[{"embeddable":true,"href":"https:\/\/irla.cat\/casairla\/wp-json\/wp\/v2\/media\/2264"}],"wp:attachment":[{"href":"https:\/\/irla.cat\/casairla\/wp-json\/wp\/v2\/media?parent=2263"}],"wp:term":[{"taxonomy":"category","embeddable":true,"href":"https:\/\/irla.cat\/casairla\/wp-json\/wp\/v2\/categories?post=2263"},{"taxonomy":"post_tag","embeddable":true,"href":"https:\/\/irla.cat\/casairla\/wp-json\/wp\/v2\/tags?post=2263"}],"curies":[{"name":"wp","href":"https:\/\/api.w.org\/{rel}","templated":true}]}}