{"id":226,"date":"2014-02-24T01:16:14","date_gmt":"2014-02-24T00:16:14","guid":{"rendered":"http:\/\/www.irla.cat\/casairla\/?p=226"},"modified":"2017-03-15T01:18:26","modified_gmt":"2017-03-15T00:18:26","slug":"pere-albo-clou-lexposicio-dalexandre-matas","status":"publish","type":"post","link":"https:\/\/irla.cat\/casairla\/2014\/02\/24\/pere-albo-clou-lexposicio-dalexandre-matas\/","title":{"rendered":"Pere Alb\u00f3, clou l&#8217;exposici\u00f3 d&#8217;Alexandre Matas"},"content":{"rendered":"<p>Pere Alb\u00f3, vice-alcalde de Sant Feliu de Gu\u00edxols, va cloure aquest divendres 21 de febrer l&#8217;exposici\u00f3 d&#8217;homenatge a Alexandre Matas.<!--more-->Alb\u00f3 va destacar el paper del pintor local i la seva contribuci\u00f3 a la cultura de la ciutat. Moltes de les seves obres ja formen part de la hist\u00f2ria de Sant Feliu de Gu\u00edxols.<\/p>\n<p>Es va projectar el documenal: &#8220;Alexandre Matas, un pintor de cavallet&#8221; (que podeu veure m\u00e9s avall) en el qual es repassa la traject\u00f2ria d&#8217;aquest excepcional pintor.<\/p>\n<p>Tamb\u00e9 vam poder tornar a gaudir els films animats &#8220;Preludi en Ja&#8221; i &#8220;Missi\u00f3 espacial&#8221; que la companyia Experimental Ninots de la qual Matas formava part. Narc\u00eds Franquesa, membre tamb\u00e9 de la companyia, ens va explicar en primera persona com treballaven en aquella \u00e8poca, eren els anys vuitanta, per crear i dibuixar les pel\u00b7l\u00edcules animades.<\/p>\n<p>De les explicacions d&#8217;en Narc\u00eds ens va quedar pendent de veure altres films animats que ell i en Matas havien dibuixat. Potser en una altra ocasi\u00f3 tindrem l&#8217;oportunitat de veure-les a la Casa Irla.<\/p>\n<p><iframe loading=\"lazy\" src=\"https:\/\/www.youtube.com\/embed\/AieU3Ui24NU\" width=\"560\" height=\"315\" frameborder=\"0\" allowfullscreen=\"allowfullscreen\"><\/iframe><\/p>\n<p><iframe loading=\"lazy\" src=\"https:\/\/www.youtube.com\/embed\/0r-ZkI4HzPk\" width=\"560\" height=\"315\" frameborder=\"0\" allowfullscreen=\"allowfullscreen\"><\/iframe><\/p>\n","protected":false},"excerpt":{"rendered":"<p>Pere Alb\u00f3, vice-alcalde de Sant Feliu de Gu\u00edxols, va cloure aquest divendres 21 de febrer l&#8217;exposici\u00f3 d&#8217;homenatge a Alexandre Matas.<\/p>\n","protected":false},"author":1,"featured_media":227,"comment_status":"open","ping_status":"open","sticky":false,"template":"template-centered.php","format":"standard","meta":{"footnotes":""},"categories":[1],"tags":[],"class_list":["post-226","post","type-post","status-publish","format-standard","has-post-thumbnail","hentry","category-general"],"_links":{"self":[{"href":"https:\/\/irla.cat\/casairla\/wp-json\/wp\/v2\/posts\/226","targetHints":{"allow":["GET"]}}],"collection":[{"href":"https:\/\/irla.cat\/casairla\/wp-json\/wp\/v2\/posts"}],"about":[{"href":"https:\/\/irla.cat\/casairla\/wp-json\/wp\/v2\/types\/post"}],"author":[{"embeddable":true,"href":"https:\/\/irla.cat\/casairla\/wp-json\/wp\/v2\/users\/1"}],"replies":[{"embeddable":true,"href":"https:\/\/irla.cat\/casairla\/wp-json\/wp\/v2\/comments?post=226"}],"version-history":[{"count":1,"href":"https:\/\/irla.cat\/casairla\/wp-json\/wp\/v2\/posts\/226\/revisions"}],"predecessor-version":[{"id":228,"href":"https:\/\/irla.cat\/casairla\/wp-json\/wp\/v2\/posts\/226\/revisions\/228"}],"wp:featuredmedia":[{"embeddable":true,"href":"https:\/\/irla.cat\/casairla\/wp-json\/wp\/v2\/media\/227"}],"wp:attachment":[{"href":"https:\/\/irla.cat\/casairla\/wp-json\/wp\/v2\/media?parent=226"}],"wp:term":[{"taxonomy":"category","embeddable":true,"href":"https:\/\/irla.cat\/casairla\/wp-json\/wp\/v2\/categories?post=226"},{"taxonomy":"post_tag","embeddable":true,"href":"https:\/\/irla.cat\/casairla\/wp-json\/wp\/v2\/tags?post=226"}],"curies":[{"name":"wp","href":"https:\/\/api.w.org\/{rel}","templated":true}]}}