{"id":2238,"date":"2024-01-30T13:47:44","date_gmt":"2024-01-30T12:47:44","guid":{"rendered":"https:\/\/irla.cat\/casairla\/?p=2238"},"modified":"2024-01-30T13:49:51","modified_gmt":"2024-01-30T12:49:51","slug":"presentacio-del-llibre-jo-vaig-ser-hi-al-cap-de-gos-de-jordi-molto","status":"publish","type":"post","link":"https:\/\/irla.cat\/casairla\/2024\/01\/30\/presentacio-del-llibre-jo-vaig-ser-hi-al-cap-de-gos-de-jordi-molto\/","title":{"rendered":"Presentaci\u00f3 del llibre &#8220;Jo vaig ser-hi, al Cap de Gos&#8221; de Jordi Molt\u00f3"},"content":{"rendered":"\n<p>Dissabte 3 de febrer a les 19 h presentarem el llibre escrit per Jordi Molt\u00f3 &#8220;Jo vaig ser-hi, al Cap de Gos&#8221;.<\/p>\n\n\n\n<p>Despr\u00e9s de la mort d\u2019Alexandre el Gran, Rei de Maced\u00f2nia, l\u2019any 323 a\/C, els seus generals es van erigir com a successors (di\u00e0docs) i es van repartir l\u2019extens\u00edssim imperi i s\u2019embrancaren en inacabables guerres entre ells, de manera que uns cent anys despr\u00e9s, Maced\u00f2nia, com a tal, havia restat redu\u00efda al seu territori natural tot i mantenir, encara, algunes possessions a Gr\u00e8cia que el Rei Filip V de Maced\u00f2nia maldava per conservar i engrandir.<\/p>\n\n\n\n<p>Roma, pot\u00e8ncia emergent, cridada per algunes nacions gregues que cercaven ajut per desempallegar-se de la persistent pressi\u00f3 maced\u00f2nica i tamb\u00e9 per impedir una alian\u00e7a entre Filip V i el cartagin\u00e8s Hann\u00edbal Barca, que devastava It\u00e0lia, va entrar en escena i l\u2019any 214 a\/C va declarar la guerra a Filip V. Comen\u00e7ava la Primera Guerra Maced\u00f2nica que va ser seguida per altres dues fins a l\u2019any 168 a\/C.<\/p>\n\n\n\n<p>I \u00e9s en aquest context on transcorre &#8220;Jo vaig ser-hi, al Cap de Gos&#8221;, on es narren les aventures i perip\u00e8cies d\u2019Eur\u00edpil de Pel\u00b7la, personatge de ficci\u00f3, qui es veu implicat en els successos b\u00e8l\u00b7lics i pol\u00edtics de guerres i entreguerres en un relat trepidant d\u2019acci\u00f3 de tota mena, amor i valors humans i d\u2019amistat, havent d\u2019enfrontar-se no sols al context f\u00e0ctic, sin\u00f3 tamb\u00e9 a la maledicci\u00f3 d\u2019una deessa, a les prediccions d\u2019un oracle i a les conseq\u00fc\u00e8ncies d\u2019un decalatge sorprenent i inesperat. La novel\u00b7la hist\u00f2rica derivar\u00e0 a situacions i escenaris astoradors fins a un final dif\u00edcil de preveure.<\/p>\n\n\n<div class=\"wp-block-image\">\n<figure class=\"aligncenter size-large\"><img loading=\"lazy\" decoding=\"async\" width=\"744\" height=\"1024\" src=\"https:\/\/irla.cat\/casairla\/wp-content\/uploads\/2024\/01\/Jo-vaig-ser-hi-al-Cap-de-Gos-744x1024.jpg\" alt=\"\" class=\"wp-image-2242\" srcset=\"https:\/\/irla.cat\/casairla\/wp-content\/uploads\/2024\/01\/Jo-vaig-ser-hi-al-Cap-de-Gos-744x1024.jpg 744w, https:\/\/irla.cat\/casairla\/wp-content\/uploads\/2024\/01\/Jo-vaig-ser-hi-al-Cap-de-Gos-218x300.jpg 218w, https:\/\/irla.cat\/casairla\/wp-content\/uploads\/2024\/01\/Jo-vaig-ser-hi-al-Cap-de-Gos-768x1057.jpg 768w, https:\/\/irla.cat\/casairla\/wp-content\/uploads\/2024\/01\/Jo-vaig-ser-hi-al-Cap-de-Gos-1116x1536.jpg 1116w, https:\/\/irla.cat\/casairla\/wp-content\/uploads\/2024\/01\/Jo-vaig-ser-hi-al-Cap-de-Gos.jpg 1163w\" sizes=\"auto, (max-width: 744px) 100vw, 744px\" \/><\/figure>\n<\/div>\n\n\n<p><\/p>\n","protected":false},"excerpt":{"rendered":"<p>Dissabte 3 de febrer a les 19 h presentarem el llibre escrit per Jordi Molt\u00f3 &#8220;Jo vaig ser-hi, al Cap de Gos&#8221;.<\/p>\n","protected":false},"author":1,"featured_media":2239,"comment_status":"closed","ping_status":"closed","sticky":false,"template":"","format":"standard","meta":{"footnotes":""},"categories":[1],"tags":[],"class_list":["post-2238","post","type-post","status-publish","format-standard","has-post-thumbnail","hentry","category-general"],"_links":{"self":[{"href":"https:\/\/irla.cat\/casairla\/wp-json\/wp\/v2\/posts\/2238","targetHints":{"allow":["GET"]}}],"collection":[{"href":"https:\/\/irla.cat\/casairla\/wp-json\/wp\/v2\/posts"}],"about":[{"href":"https:\/\/irla.cat\/casairla\/wp-json\/wp\/v2\/types\/post"}],"author":[{"embeddable":true,"href":"https:\/\/irla.cat\/casairla\/wp-json\/wp\/v2\/users\/1"}],"replies":[{"embeddable":true,"href":"https:\/\/irla.cat\/casairla\/wp-json\/wp\/v2\/comments?post=2238"}],"version-history":[{"count":3,"href":"https:\/\/irla.cat\/casairla\/wp-json\/wp\/v2\/posts\/2238\/revisions"}],"predecessor-version":[{"id":2244,"href":"https:\/\/irla.cat\/casairla\/wp-json\/wp\/v2\/posts\/2238\/revisions\/2244"}],"wp:featuredmedia":[{"embeddable":true,"href":"https:\/\/irla.cat\/casairla\/wp-json\/wp\/v2\/media\/2239"}],"wp:attachment":[{"href":"https:\/\/irla.cat\/casairla\/wp-json\/wp\/v2\/media?parent=2238"}],"wp:term":[{"taxonomy":"category","embeddable":true,"href":"https:\/\/irla.cat\/casairla\/wp-json\/wp\/v2\/categories?post=2238"},{"taxonomy":"post_tag","embeddable":true,"href":"https:\/\/irla.cat\/casairla\/wp-json\/wp\/v2\/tags?post=2238"}],"curies":[{"name":"wp","href":"https:\/\/api.w.org\/{rel}","templated":true}]}}