{"id":2231,"date":"2024-01-29T13:33:05","date_gmt":"2024-01-29T12:33:05","guid":{"rendered":"https:\/\/irla.cat\/casairla\/?p=2231"},"modified":"2024-01-30T13:55:36","modified_gmt":"2024-01-30T12:55:36","slug":"concert-acustic-al-bar-de-la-casa-irla-amb-mery-mahffey","status":"publish","type":"post","link":"https:\/\/irla.cat\/casairla\/2024\/01\/29\/concert-acustic-al-bar-de-la-casa-irla-amb-mery-mahffey\/","title":{"rendered":"Concert ac\u00fastic al Bar de la Casa Irla amb Mery Mahffey"},"content":{"rendered":"\n<p>Dijous 1 de febrer a les 21 h concert amb ac\u00fastic al Bar de la Casa Irla amb l&#8217;artista d&#8217;indie i folk Mary Mahaffey.<\/p>\n\n\n\n<p>Nascuda a Carolina del Sud i ara establerta a Barcelona, Mary Mahaffey \u00e9s una artista d&#8217;indie folk que va debutar el passat mes de maig amb el disc &#8220;Daydreams&#8221;.<\/p>\n\n\n\n<p>Escrites principalment durant la pand\u00e8mia mentre somiava des de l&#8217;ampit d&#8217;una finestra, les seves can\u00e7ons toquen l&#8217;amor i l&#8217;afecte de llarga dist\u00e0ncia, la salut mental i el creixement.<\/p>\n\n\n\n<p>Escolta el disc &#8220;Daydreams&#8221; <a href=\"https:\/\/marymahaffey.bandcamp.com\/album\/daydreams\" target=\"_blank\" rel=\"noreferrer noopener\">aqu\u00ed<\/a><\/p>\n\n\n\n<p>Entrada lliure amb donaci\u00f3 volunt\u00e0ria<\/p>\n\n\n\n<p><\/p>\n","protected":false},"excerpt":{"rendered":"<p>Dijous 1 de febrer a les 21 h concert amb ac\u00fastic al Bar de la Casa Irla amb l&#8217;artista de indie i folk Mary Mahaffey.<\/p>\n","protected":false},"author":1,"featured_media":2232,"comment_status":"closed","ping_status":"closed","sticky":false,"template":"","format":"standard","meta":{"footnotes":""},"categories":[1],"tags":[],"class_list":["post-2231","post","type-post","status-publish","format-standard","has-post-thumbnail","hentry","category-general"],"_links":{"self":[{"href":"https:\/\/irla.cat\/casairla\/wp-json\/wp\/v2\/posts\/2231","targetHints":{"allow":["GET"]}}],"collection":[{"href":"https:\/\/irla.cat\/casairla\/wp-json\/wp\/v2\/posts"}],"about":[{"href":"https:\/\/irla.cat\/casairla\/wp-json\/wp\/v2\/types\/post"}],"author":[{"embeddable":true,"href":"https:\/\/irla.cat\/casairla\/wp-json\/wp\/v2\/users\/1"}],"replies":[{"embeddable":true,"href":"https:\/\/irla.cat\/casairla\/wp-json\/wp\/v2\/comments?post=2231"}],"version-history":[{"count":4,"href":"https:\/\/irla.cat\/casairla\/wp-json\/wp\/v2\/posts\/2231\/revisions"}],"predecessor-version":[{"id":2247,"href":"https:\/\/irla.cat\/casairla\/wp-json\/wp\/v2\/posts\/2231\/revisions\/2247"}],"wp:featuredmedia":[{"embeddable":true,"href":"https:\/\/irla.cat\/casairla\/wp-json\/wp\/v2\/media\/2232"}],"wp:attachment":[{"href":"https:\/\/irla.cat\/casairla\/wp-json\/wp\/v2\/media?parent=2231"}],"wp:term":[{"taxonomy":"category","embeddable":true,"href":"https:\/\/irla.cat\/casairla\/wp-json\/wp\/v2\/categories?post=2231"},{"taxonomy":"post_tag","embeddable":true,"href":"https:\/\/irla.cat\/casairla\/wp-json\/wp\/v2\/tags?post=2231"}],"curies":[{"name":"wp","href":"https:\/\/api.w.org\/{rel}","templated":true}]}}